{"id":116471,"date":"2023-10-28T15:05:52","date_gmt":"2023-10-28T18:05:52","guid":{"rendered":"https:\/\/tvtecjundiai.com.br\/news\/?p=116471"},"modified":"2023-10-28T15:05:53","modified_gmt":"2023-10-28T18:05:53","slug":"apresentacao-do-projeto-guri-encerra-semana-do-servidor","status":"publish","type":"post","link":"https:\/\/tvtecjundiai.com.br\/news\/2023\/10\/28\/apresentacao-do-projeto-guri-encerra-semana-do-servidor\/","title":{"rendered":"Apresenta\u00e7\u00e3o do Projeto Guri encerra Semana do Servidor"},"content":{"rendered":"\n<p>A 7\u00aa edi\u00e7\u00e3o da Semana do Servidor com + Qualidade de Vida foi encerrada nesta sexta-feira (27) com apresenta\u00e7\u00e3o do Projeto Guri, no Pa\u00e7o Municipal. Desde segunda-feira, foram realizadas diversas atividades com o objetivo de sensibilizar e estimular os servidores sobre a import\u00e2ncia da pr\u00e1tica de atividades f\u00edsicas e outras viv\u00eancias que visam aprimorar a sa\u00fade do corpo e da mente.<\/p>\n\n\n\n<p>Na apresenta\u00e7\u00e3o, o coral de crian\u00e7as do Projeto Guri encantou os servidores com m\u00fasicas como \u201cTrem das Onze\u201d e \u201cRoda Viva\u201d. Logo depois, o grupo de madeiras, formado por instrumentos de sopro como clarinete, flauta e saxofone, tamb\u00e9m se apresentou. \u201cFoi muito bom tocar aqui na Prefeitura e ver o carinho das pessoas\u201d, disseram os pequenos m\u00fasicos Adami Iluobe, Pedro Enrico Manoel, Cervanthes, Vitor Lucas da Cruz silva Batista e Gabriel Camargo Fernandes.<\/p>\n\n\n<div class=\"wp-block-image\">\n<figure class=\"aligncenter size-large\"><img loading=\"lazy\" decoding=\"async\" width=\"1200\" height=\"801\" src=\"https:\/\/tvtecjundiai.com.br\/news\/wp-content\/uploads\/sites\/2\/2023\/10\/image-33-1200x801.png\" alt=\"\" class=\"wp-image-116472\" srcset=\"https:\/\/tvtecjundiai.com.br\/news\/wp-content\/uploads\/sites\/2\/2023\/10\/image-33-1200x801.png 1200w, https:\/\/tvtecjundiai.com.br\/news\/wp-content\/uploads\/sites\/2\/2023\/10\/image-33-300x200.png 300w, https:\/\/tvtecjundiai.com.br\/news\/wp-content\/uploads\/sites\/2\/2023\/10\/image-33-768x512.png 768w, https:\/\/tvtecjundiai.com.br\/news\/wp-content\/uploads\/sites\/2\/2023\/10\/image-33.png 1280w\" sizes=\"auto, (max-width: 1200px) 100vw, 1200px\" \/><figcaption class=\"wp-element-caption\">Coral do Projeto Guri se apresentou<\/figcaption><\/figure>\n<\/div>\n\n\n<p>\u201cA gest\u00e3o do prefeito Luiz Fernando Machado expressa seu respeito e admira\u00e7\u00e3o por todos aqueles que desempenham fun\u00e7\u00f5es t\u00e3o essenciais para nossa sociedade. Todas as pol\u00edticas p\u00fablicas somente s\u00e3o concretizadas em raz\u00e3o da atua\u00e7\u00e3o dos servidores\u201d, disse a gestora de Administra\u00e7\u00e3o e Gest\u00e3o de Pessoas, Simone Zanotello de Oliveira.<\/p>\n\n\n\n<p>Al\u00e9m da apresenta\u00e7\u00e3o das crian\u00e7as, os servidores tamb\u00e9m tiveram dispon\u00edveis durante a semana, atividades como viv\u00eancia de harmoniza\u00e7\u00e3o corpo e mente, quick massage, auriculoterapia, reflexologia podal, viv\u00eancia de consci\u00eancia respirat\u00f3ria, postural e medita\u00e7\u00e3o. E tamb\u00e9m dois talks, um sobre Previd\u00eancia complementar e outro com o tema \u201cConstruindo pontes, celebrando diferen\u00e7as\u201d.<\/p>\n\n\n<div class=\"wp-block-image\">\n<figure class=\"aligncenter size-large\"><img loading=\"lazy\" decoding=\"async\" width=\"1200\" height=\"801\" src=\"https:\/\/tvtecjundiai.com.br\/news\/wp-content\/uploads\/sites\/2\/2023\/10\/image-34-1200x801.png\" alt=\"\" class=\"wp-image-116473\" srcset=\"https:\/\/tvtecjundiai.com.br\/news\/wp-content\/uploads\/sites\/2\/2023\/10\/image-34-1200x801.png 1200w, https:\/\/tvtecjundiai.com.br\/news\/wp-content\/uploads\/sites\/2\/2023\/10\/image-34-300x200.png 300w, https:\/\/tvtecjundiai.com.br\/news\/wp-content\/uploads\/sites\/2\/2023\/10\/image-34-768x512.png 768w, https:\/\/tvtecjundiai.com.br\/news\/wp-content\/uploads\/sites\/2\/2023\/10\/image-34.png 1280w\" sizes=\"auto, (max-width: 1200px) 100vw, 1200px\" \/><figcaption class=\"wp-element-caption\">Grupo de madeiras, formado por instrumentos de sopro, tamb\u00e9m encantou o p\u00fablico<\/figcaption><\/figure>\n<\/div>\n\n\n<p>\u201cReconhecemos que os nossos servidores s\u00e3o comprometidos com a melhoria cont\u00ednua dos servi\u00e7os colocados \u00e0 disposi\u00e7\u00e3o dos mun\u00edcipes. Por isso, n\u00f3s queremos cuidar cada vez melhor deles para que as pol\u00edticas p\u00fablicas sejam executadas em sua totalidade\u201d, refor\u00e7ou o gestor de Governo e Finan\u00e7as, Jos\u00e9 Ant\u00f4nio Parimoschi.<\/p>\n\n\n\n<p>O prefeito Luiz Fernando Machado tamb\u00e9m ressaltou a import\u00e2ncia de atividades voltadas aos servidores: \u201cFica muito claro que podemos promover avan\u00e7os no cuidado com os servidores, com atividades como essas e tamb\u00e9m com o cuidado integral deles. Tudo para que tenhamos uma cidade cada vez melhor\u201d, disse o prefeito.<\/p>\n\n\n<div class=\"wp-block-image\">\n<figure class=\"aligncenter\"><img decoding=\"async\" src=\"https:\/\/jundiai.sp.gov.br\/noticias\/wp-content\/uploads\/sites\/32\/2023\/10\/dia_do_servidor_apresentacao_projeto_guri_paco_pa-69-1280x854.jpg\" alt=\"\" class=\"wp-image-330392\" \/><figcaption class=\"wp-element-caption\">Servidores prestigiaram a apresenta\u00e7\u00e3o do Projeto Guri<\/figcaption><\/figure>\n<\/div>\n\n\n<p><em><strong>Fonte\/Imagem: Prefeitura de Jundia\u00ed <\/strong><\/em><\/p>\n","protected":false},"excerpt":{"rendered":"<p>Servidores prestigiaram a apresenta\u00e7\u00e3o do Projeto Guri<\/p>\n","protected":false},"author":24,"featured_media":116473,"comment_status":"closed","ping_status":"0","sticky":false,"template":"","format":"standard","meta":{"footnotes":""},"categories":[8356,8354,1],"tags":[],"class_list":["post-116471","post","type-post","status-publish","format-standard","has-post-thumbnail","hentry","category-jundiai","category-lazer","category-noticias"],"_links":{"self":[{"href":"https:\/\/tvtecjundiai.com.br\/news\/wp-json\/wp\/v2\/posts\/116471","targetHints":{"allow":["GET"]}}],"collection":[{"href":"https:\/\/tvtecjundiai.com.br\/news\/wp-json\/wp\/v2\/posts"}],"about":[{"href":"https:\/\/tvtecjundiai.com.br\/news\/wp-json\/wp\/v2\/types\/post"}],"author":[{"embeddable":true,"href":"https:\/\/tvtecjundiai.com.br\/news\/wp-json\/wp\/v2\/users\/24"}],"replies":[{"embeddable":true,"href":"https:\/\/tvtecjundiai.com.br\/news\/wp-json\/wp\/v2\/comments?post=116471"}],"version-history":[{"count":1,"href":"https:\/\/tvtecjundiai.com.br\/news\/wp-json\/wp\/v2\/posts\/116471\/revisions"}],"predecessor-version":[{"id":116474,"href":"https:\/\/tvtecjundiai.com.br\/news\/wp-json\/wp\/v2\/posts\/116471\/revisions\/116474"}],"wp:featuredmedia":[{"embeddable":true,"href":"https:\/\/tvtecjundiai.com.br\/news\/wp-json\/wp\/v2\/media\/116473"}],"wp:attachment":[{"href":"https:\/\/tvtecjundiai.com.br\/news\/wp-json\/wp\/v2\/media?parent=116471"}],"wp:term":[{"taxonomy":"category","embeddable":true,"href":"https:\/\/tvtecjundiai.com.br\/news\/wp-json\/wp\/v2\/categories?post=116471"},{"taxonomy":"post_tag","embeddable":true,"href":"https:\/\/tvtecjundiai.com.br\/news\/wp-json\/wp\/v2\/tags?post=116471"}],"curies":[{"name":"wp","href":"https:\/\/api.w.org\/{rel}","templated":true}]}}