{"id":116475,"date":"2023-10-28T15:08:58","date_gmt":"2023-10-28T18:08:58","guid":{"rendered":"https:\/\/tvtecjundiai.com.br\/news\/?p=116475"},"modified":"2023-10-28T15:08:59","modified_gmt":"2023-10-28T18:08:59","slug":"manutencao-permanente-em-centros-esportivo-oferece-qualidade-dos-espacos","status":"publish","type":"post","link":"https:\/\/tvtecjundiai.com.br\/news\/2023\/10\/28\/manutencao-permanente-em-centros-esportivo-oferece-qualidade-dos-espacos\/","title":{"rendered":"Manuten\u00e7\u00e3o permanente em Centros Esportivo oferece qualidade dos espa\u00e7os"},"content":{"rendered":"\n<p>No or\u00e7amento deste ano, da Unidade de Gest\u00e3o de Esporte e Lazer (UGEL) da Prefeitura de Jundia\u00ed, a reserva de R$ 500 mil \u00e9 para as obras de infraestrutura de manuten\u00e7\u00e3o permanente nos 20 Complexos Educacionais, Culturais e Esportivos (CECEs) espalhados na cidade. Os espa\u00e7os, constru\u00eddos h\u00e1 mais de duas d\u00e9cadas, exigem cuidado permanente.<\/p>\n\n\n<div class=\"wp-block-image\">\n<figure class=\"aligncenter\"><img decoding=\"async\" src=\"https:\/\/jundiai.sp.gov.br\/noticias\/wp-content\/uploads\/sites\/32\/2023\/10\/revitalizacao-do-cece-leo-pereira-lemos-nogueira-no-medeiros_fm_-67-1280x843.jpg\" alt=\"\" class=\"wp-image-330291\" \/><figcaption class=\"wp-element-caption\">Fathima Coelho mora no bairro Medeiros h\u00e1 25 ano, e est\u00e1 satisfeita com as melhorias no Centro Esportivo, Leo Pereira<\/figcaption><\/figure>\n<\/div>\n\n\n<p>\u201cO trabalho \u00e9 di\u00e1rio. As equipes circulam os centros esportivos fazendo a manuten\u00e7\u00e3o periodicamente, seja com a pintura de campos, das constru\u00e7\u00f5es, realizando a troca de l\u00e2mpadas, torneiras, enfim, mantendo os espa\u00e7os adequados para o uso da popula\u00e7\u00e3o. Al\u00e9m disso, o cronograma tamb\u00e9m engloba os reparos por vandalismo, que ainda existe nos espa\u00e7os\u201d, comenta o gestor da UGEL, Luis Claudio Tarallo.<\/p>\n\n\n\n<p>Nos \u00faltimos meses, as equipes estiveram nos CECEs, Antonio Marcussi, na Vila Cristo, no Rom\u00e3o de Souza, na Col\u00f4nia, no Dr. Nicolino de Luca, no Anhangaba\u00fa e no L\u00e9o Pereira Nogueira, no bairro Sarapiranga e o CECE Jos\u00e9 Demarchi, no Jardim Novo Horizonte.<\/p>\n\n\n<div class=\"wp-block-image\">\n<figure class=\"aligncenter\"><img decoding=\"async\" src=\"https:\/\/jundiai.sp.gov.br\/noticias\/wp-content\/uploads\/sites\/32\/2023\/10\/revitalizacao-do-cece-leo-pereira-lemos-nogueira-no-medeiros_fm_-10-1280x854.jpg\" alt=\"\" class=\"wp-image-330289\" \/><figcaption class=\"wp-element-caption\">Pintura faz parte dos investimentos realizados pela UGEL<\/figcaption><\/figure>\n<\/div>\n\n\n<p>\u201cO planejamento financeiro da cidade \u00e9 baseado em entregas de qualidade para o cidad\u00e3o, com base nos recursos dispon\u00edveis, sendo investimentos feitos em novas constru\u00e7\u00f5es e, principalmente na manuten\u00e7\u00e3o dos equipamentos j\u00e1 existentes, para o incentivo \u00e0s pr\u00e1ticas esportivas e promo\u00e7\u00e3o da sa\u00fade\u201d, refor\u00e7a o gestor da Unidade de Gest\u00e3o de Governo e Finan\u00e7as (UGGF) Jos\u00e9 Antonio Parimoschi.<\/p>\n\n\n\n<p>Fathima Coelho \u00e9 moradora no bairro Medeiros h\u00e1 25 anos, e est\u00e1 satisfeita com as melhorias no Centro Esportivo, Leo Pereira. \u201cO nosso bairro, por muito tempo, tinha a car\u00eancia destes espa\u00e7os para atividades das pessoas. Espa\u00e7os para as crian\u00e7as brincar, espa\u00e7os para o lazer, caminhar, n\u00e3o t\u00ednhamos. Mas, agora com este trabalho de restaura\u00e7\u00e3o vai ficar muito bom para todos n\u00f3s. Os brinquedos para crian\u00e7as no parquinho, espa\u00e7os para caminhar, e tamb\u00e9m equipamentos para pr\u00e1tica de exerc\u00edcios f\u00edsicos, s\u00e3o muito importantes\u201d, comenta.<\/p>\n\n\n<div class=\"wp-block-image\">\n<figure class=\"aligncenter\"><img decoding=\"async\" src=\"https:\/\/jundiai.sp.gov.br\/noticias\/wp-content\/uploads\/sites\/32\/2023\/10\/revitalizacao-do-cece-leo-pereira-lemos-nogueira-no-medeiros_fm_-7-1280x854.jpg\" alt=\"\" class=\"wp-image-330290\" \/><figcaption class=\"wp-element-caption\">Equipes de zeladoria s\u00e3o respons\u00e1veis por manter os Complexos Esportivos organizados<\/figcaption><\/figure>\n<\/div>\n\n\n<p>Chefe do Departamento de Zeladoria da UGEL, Francisco Carlos Paiva, o Fran, detalha que s\u00e3o necess\u00e1rios mais de 50 profissionais para manter os 20 espa\u00e7os em ordem. \u201cTemos as equipes de limpeza geral e manuten\u00e7\u00e3o, manuten\u00e7\u00e3o das \u00e1reas verdes e gramados dos campos al\u00e9m das equipes da constru\u00e7\u00e3o civil, que contempla a alvenaria, hidr\u00e1ulica e el\u00e9trica\u201d, detalha.<\/p>\n\n\n\n<p><em><strong>Fonte\/Imagem: Prefeitura de Jundia\u00ed<\/strong><\/em><\/p>\n","protected":false},"excerpt":{"rendered":"<p>Equipes de zeladoria s\u00e3o respons\u00e1veis por manter os Complexos Esportivos organizados<\/p>\n","protected":false},"author":24,"featured_media":116476,"comment_status":"closed","ping_status":"0","sticky":false,"template":"","format":"standard","meta":{"footnotes":""},"categories":[2827,8356,8354,1],"tags":[],"class_list":["post-116475","post","type-post","status-publish","format-standard","has-post-thumbnail","hentry","category-esportes-e-lazer","category-jundiai","category-lazer","category-noticias"],"_links":{"self":[{"href":"https:\/\/tvtecjundiai.com.br\/news\/wp-json\/wp\/v2\/posts\/116475","targetHints":{"allow":["GET"]}}],"collection":[{"href":"https:\/\/tvtecjundiai.com.br\/news\/wp-json\/wp\/v2\/posts"}],"about":[{"href":"https:\/\/tvtecjundiai.com.br\/news\/wp-json\/wp\/v2\/types\/post"}],"author":[{"embeddable":true,"href":"https:\/\/tvtecjundiai.com.br\/news\/wp-json\/wp\/v2\/users\/24"}],"replies":[{"embeddable":true,"href":"https:\/\/tvtecjundiai.com.br\/news\/wp-json\/wp\/v2\/comments?post=116475"}],"version-history":[{"count":1,"href":"https:\/\/tvtecjundiai.com.br\/news\/wp-json\/wp\/v2\/posts\/116475\/revisions"}],"predecessor-version":[{"id":116477,"href":"https:\/\/tvtecjundiai.com.br\/news\/wp-json\/wp\/v2\/posts\/116475\/revisions\/116477"}],"wp:featuredmedia":[{"embeddable":true,"href":"https:\/\/tvtecjundiai.com.br\/news\/wp-json\/wp\/v2\/media\/116476"}],"wp:attachment":[{"href":"https:\/\/tvtecjundiai.com.br\/news\/wp-json\/wp\/v2\/media?parent=116475"}],"wp:term":[{"taxonomy":"category","embeddable":true,"href":"https:\/\/tvtecjundiai.com.br\/news\/wp-json\/wp\/v2\/categories?post=116475"},{"taxonomy":"post_tag","embeddable":true,"href":"https:\/\/tvtecjundiai.com.br\/news\/wp-json\/wp\/v2\/tags?post=116475"}],"curies":[{"name":"wp","href":"https:\/\/api.w.org\/{rel}","templated":true}]}}