{"id":116623,"date":"2023-11-01T11:47:42","date_gmt":"2023-11-01T14:47:42","guid":{"rendered":"https:\/\/tvtecjundiai.com.br\/news\/?p=116623"},"modified":"2023-11-01T11:47:43","modified_gmt":"2023-11-01T14:47:43","slug":"complexo-de-parques-da-dae-e-opcao-de-lazer-ao-ar-livre-durante-o-feriado","status":"publish","type":"post","link":"https:\/\/tvtecjundiai.com.br\/news\/2023\/11\/01\/complexo-de-parques-da-dae-e-opcao-de-lazer-ao-ar-livre-durante-o-feriado\/","title":{"rendered":"Complexo de parques da DAE \u00e9 op\u00e7\u00e3o de lazer ao ar livre durante o feriado"},"content":{"rendered":"\n<p>Relaxamento, contato com a natureza e in\u00fameras op\u00e7\u00f5es para se exercitar: \u00e9 isso que os visitantes que passarem pelo Parque da Cidade e Mundo das Crian\u00e7as neste feriado prolongado ir\u00e3o encontrar. Com atra\u00e7\u00f5es de todos os tipos, o complexo de parques administrado pela DAE Jundia\u00ed \u00e9 garantia de lazer para todas as idades.<\/p>\n\n\n\n<p>No Parque da Cidade, os visitantes podem desfrutar do contato com a natureza enquanto praticam seus esportes favoritos, na ciclovia, academias ao ar livre ou quadras esportivas. \u201cEstamos sempre por aqui nas quadras de basquete, principalmente nos feriados e finais de semana. A gente tamb\u00e9m gosta muito das quadras do Mundo das Crian\u00e7as. Quando n\u00e3o estamos l\u00e1, estamos por aqui no Parque\u201d, conta o estudante Enzo Ferreira. Ele e o amigo Leonardo Marretto j\u00e1 escolheram as quadras do parque como destino para o feriado.<\/p>\n\n\n<div class=\"wp-block-image\">\n<figure class=\"aligncenter\"><a href=\"https:\/\/jundiai.sp.gov.br\/noticias\/wp-content\/uploads\/sites\/32\/2023\/10\/parque-da-cidade-quadra-de-basquete-2.jpeg\"><img decoding=\"async\" src=\"https:\/\/jundiai.sp.gov.br\/noticias\/wp-content\/uploads\/sites\/32\/2023\/10\/parque-da-cidade-quadra-de-basquete-2-1280x960.jpeg\" alt=\"\" class=\"wp-image-330660\" \/><\/a><figcaption class=\"wp-element-caption\">No Parque da Cidade, os visitantes podem desfrutar do contato com a natureza enquanto praticam seus esportes favoritos.<\/figcaption><\/figure>\n<\/div>\n\n\n<p>\u201cOs dois parques tem uma superestrutura e \u00e9 \u00f3timo para a cidade ter espa\u00e7os assim, onde a gente possa vir e ter op\u00e7\u00f5es para se exercitar e praticar esportes. \u00c9 um \u00f3timo incentivo\u201d, elogiou Leonardo.<\/p>\n\n\n\n<p>Quem preferir um dia mais tranquilo pode aproveitar a extensa \u00e1rea do parque para um piquenique ou um passeio pela pista de caminhada. \u201cAqui \u00e9 realmente muito gostoso, \u00e9 um espa\u00e7o lindo e muito tranquilo\u201d, conta Aline Suzuki, moradora de Jundia\u00ed, que acompanhou Guilherme Rossi, de Atibaia, em sua primeira visita ao Parque da Cidade. \u201cEu adorei. \u00c9 um espa\u00e7o muito organizado e com uma estrutura fant\u00e1stica\u201d, avaliou.<\/p>\n\n\n<div class=\"wp-block-image\">\n<figure class=\"aligncenter\"><a href=\"https:\/\/jundiai.sp.gov.br\/noticias\/wp-content\/uploads\/sites\/32\/2023\/10\/parque-2.jpg\"><img decoding=\"async\" src=\"https:\/\/jundiai.sp.gov.br\/noticias\/wp-content\/uploads\/sites\/32\/2023\/10\/parque-2-1280x854.jpg\" alt=\"\" class=\"wp-image-330656\" \/><\/a><figcaption class=\"wp-element-caption\">\u201cAqui \u00e9 realmente muito gostoso, \u00e9 um espa\u00e7o lindo e muito tranquilo\u201d, conta Aline Suzuki.<\/figcaption><\/figure>\n<\/div>\n\n\n<p>Durante o feriado prolongado tamb\u00e9m estar\u00e1 dispon\u00edvel, das 9 \u00e0s 16 horas, o servi\u00e7o de aluguel de bicicletas realizado pelo Peama. O valor \u00e9 de R$ 10,00 para bicicletas simples e R$ 20,00 para bicicletas duplas.<\/p>\n\n\n\n<p>No Mundo das Crian\u00e7as a divers\u00e3o est\u00e1 por todo lado, seja no Foguete, na Casa da \u00c1rvore ou nas fontes interativas: o que n\u00e3o falta \u00e9 op\u00e7\u00e3o para colocar em pr\u00e1tica a imagina\u00e7\u00e3o das crian\u00e7as. Al\u00e9m das atra\u00e7\u00f5es j\u00e1 conhecidas pelos visitantes, quem passar pelo Mundo durante o feriado n\u00e3o pode deixar de conferir as esculturas do projeto Zoo Urbano e o painel de grafite em braile, instala\u00e7\u00e3o do projeto Graffiti #PraCegoVer.<\/p>\n\n\n<div class=\"wp-block-image\">\n<figure class=\"aligncenter\"><a href=\"https:\/\/jundiai.sp.gov.br\/noticias\/wp-content\/uploads\/sites\/32\/2023\/10\/img_9509.jpg\"><img decoding=\"async\" src=\"https:\/\/jundiai.sp.gov.br\/noticias\/wp-content\/uploads\/sites\/32\/2023\/10\/img_9509-1280x960.jpg\" alt=\"\" class=\"wp-image-330667\" \/><\/a><figcaption class=\"wp-element-caption\">No Mundo das Crian\u00e7as, o hor\u00e1rio de funcionamento \u00e9 das 7 \u00e0s 17 horas, com entrada at\u00e9 \u00e0s 16 horas<\/figcaption><\/figure>\n<\/div>\n\n\n<p>Durante este feriado, o Parque da Cidade funciona das 6h30 \u00e0s 18 horas, com entrada livre at\u00e9 \u00e0s 17 horas. No Mundo das Crian\u00e7as, o hor\u00e1rio de funcionamento \u00e9 das 7 \u00e0s 17 horas, com entrada at\u00e9 \u00e0s 16 horas, mas, para visitar, \u00e9 necess\u00e1rio realizar o agendamento pr\u00e9vio pelo site\u00a0<a rel=\"noreferrer noopener\" href=\"https:\/\/mundodascriancasjundiai.com.br\/\" target=\"_blank\">https:\/\/mundodascriancasjundiai.com.br<\/a>.<\/p>\n\n\n\n<p><strong><em>Fonte\/Imagem: Prefeitura de Jundia\u00ed<\/em><\/strong><\/p>\n","protected":false},"excerpt":{"rendered":"<p>No Mundo das Crian\u00e7as, o hor\u00e1rio de funcionamento \u00e9 das 7 \u00e0s 17 horas, com entrada at\u00e9 \u00e0s 16 horas<\/p>\n","protected":false},"author":24,"featured_media":116624,"comment_status":"closed","ping_status":"0","sticky":false,"template":"","format":"standard","meta":{"footnotes":""},"categories":[8356,8354,1],"tags":[],"class_list":["post-116623","post","type-post","status-publish","format-standard","has-post-thumbnail","hentry","category-jundiai","category-lazer","category-noticias"],"_links":{"self":[{"href":"https:\/\/tvtecjundiai.com.br\/news\/wp-json\/wp\/v2\/posts\/116623","targetHints":{"allow":["GET"]}}],"collection":[{"href":"https:\/\/tvtecjundiai.com.br\/news\/wp-json\/wp\/v2\/posts"}],"about":[{"href":"https:\/\/tvtecjundiai.com.br\/news\/wp-json\/wp\/v2\/types\/post"}],"author":[{"embeddable":true,"href":"https:\/\/tvtecjundiai.com.br\/news\/wp-json\/wp\/v2\/users\/24"}],"replies":[{"embeddable":true,"href":"https:\/\/tvtecjundiai.com.br\/news\/wp-json\/wp\/v2\/comments?post=116623"}],"version-history":[{"count":1,"href":"https:\/\/tvtecjundiai.com.br\/news\/wp-json\/wp\/v2\/posts\/116623\/revisions"}],"predecessor-version":[{"id":116625,"href":"https:\/\/tvtecjundiai.com.br\/news\/wp-json\/wp\/v2\/posts\/116623\/revisions\/116625"}],"wp:featuredmedia":[{"embeddable":true,"href":"https:\/\/tvtecjundiai.com.br\/news\/wp-json\/wp\/v2\/media\/116624"}],"wp:attachment":[{"href":"https:\/\/tvtecjundiai.com.br\/news\/wp-json\/wp\/v2\/media?parent=116623"}],"wp:term":[{"taxonomy":"category","embeddable":true,"href":"https:\/\/tvtecjundiai.com.br\/news\/wp-json\/wp\/v2\/categories?post=116623"},{"taxonomy":"post_tag","embeddable":true,"href":"https:\/\/tvtecjundiai.com.br\/news\/wp-json\/wp\/v2\/tags?post=116623"}],"curies":[{"name":"wp","href":"https:\/\/api.w.org\/{rel}","templated":true}]}}