{"id":116705,"date":"2023-11-06T11:50:03","date_gmt":"2023-11-06T14:50:03","guid":{"rendered":"https:\/\/tvtecjundiai.com.br\/news\/?p=116705"},"modified":"2023-11-06T14:15:01","modified_gmt":"2023-11-06T17:15:01","slug":"semana-em-jundiai-sera-de-variacoes-de-temperatura-entre-13-e-33-graus1","status":"publish","type":"post","link":"https:\/\/tvtecjundiai.com.br\/news\/2023\/11\/06\/semana-em-jundiai-sera-de-variacoes-de-temperatura-entre-13-e-33-graus1\/","title":{"rendered":"Semana em Jundia\u00ed ser\u00e1 de varia\u00e7\u00f5es de temperatura entre 13\u00b0 e 33\u00b0 graus"},"content":{"rendered":"\n<p>A semana do dia 06 \u00e0 10 de novembro ser\u00e1 de varia\u00e7\u00f5es de temperaturas, podendo variar at\u00e9 13\u00b0 graus durante o dia, segundo o site do Climatempo. <\/p>\n\n\n\n<figure class=\"wp-block-image size-large\"><img loading=\"lazy\" decoding=\"async\" width=\"1200\" height=\"900\" src=\"https:\/\/tvtecjundiai.com.br\/news\/wp-content\/uploads\/sites\/2\/2023\/11\/WhatsApp-Image-2023-11-06-at-14.13.46-1200x900.jpeg\" alt=\"\" class=\"wp-image-116718\" srcset=\"https:\/\/tvtecjundiai.com.br\/news\/wp-content\/uploads\/sites\/2\/2023\/11\/WhatsApp-Image-2023-11-06-at-14.13.46-1200x900.jpeg 1200w, https:\/\/tvtecjundiai.com.br\/news\/wp-content\/uploads\/sites\/2\/2023\/11\/WhatsApp-Image-2023-11-06-at-14.13.46-300x225.jpeg 300w, https:\/\/tvtecjundiai.com.br\/news\/wp-content\/uploads\/sites\/2\/2023\/11\/WhatsApp-Image-2023-11-06-at-14.13.46-768x576.jpeg 768w, https:\/\/tvtecjundiai.com.br\/news\/wp-content\/uploads\/sites\/2\/2023\/11\/WhatsApp-Image-2023-11-06-at-14.13.46.jpeg 1280w\" sizes=\"auto, (max-width: 1200px) 100vw, 1200px\" \/><\/figure>\n\n\n\n<p>A <strong>segunda-feira (06)<\/strong> come\u00e7a ensolarada e gelada pela manh\u00e3, mas as temperaturas sobem ao longo do dia e podem chegar at\u00e9 os 27\u00b0. N\u00e3o h\u00e1 previs\u00e3o de chuva. <\/p>\n\n\n\n<p>Na <strong>ter\u00e7a-feira (07)<\/strong>, o sol aparece e as temperaturas ficam entre os 13\u00b0e 30\u00b0 graus. N\u00e3o h\u00e1 previs\u00e3o de chuva. <\/p>\n\n\n\n<p>A quarta-feira (08) ser\u00e1 de sol com nuvens, as temperaturas sobem um pouco, variando entre 15\u00b0 e 32\u00b0 graus. N\u00e3o tem previs\u00e3o de chuva. <\/p>\n\n\n\n<p>J\u00e1 na <strong>quinta-feira (09)<\/strong>, as temperaturas ficam entre os 18\u00b0 e 33\u00b0, o dia ser\u00e1 de bastante sol e aumento de nuvens, podendo chover \u00e0 tarde e \u00e0 noite. <\/p>\n\n\n\n<p>Na <strong>sexta-feira(10)<\/strong>, as temperaturas podem atingir os 31\u00b0, com m\u00ednimas de 19\u00b0. Pode chover ao longo da tarde.<\/p>\n\n\n\n<p>Fiquem atentos as varia\u00e7\u00f5es clim\u00e1ticas, pode haver altera\u00e7\u00f5es. <\/p>\n\n\n\n<p><strong>Fonte\/Imagem: <\/strong>TVTEC<\/p>\n","protected":false},"excerpt":{"rendered":"<p>A semana ser\u00e1 quente, mas as m\u00ednimas podem atingir at\u00e9 os 13\u00b0. Pode chover na quinta (09) e sexta-feira(10).<\/p>\n","protected":false},"author":24,"featured_media":116720,"comment_status":"closed","ping_status":"0","sticky":false,"template":"","format":"standard","meta":{"footnotes":""},"categories":[8415],"tags":[5,556,2921],"class_list":["post-116705","post","type-post","status-publish","format-standard","has-post-thumbnail","hentry","category-previsao-do-tempo","tag-jundiai","tag-noticias","tag-previsao-do-tempo"],"_links":{"self":[{"href":"https:\/\/tvtecjundiai.com.br\/news\/wp-json\/wp\/v2\/posts\/116705","targetHints":{"allow":["GET"]}}],"collection":[{"href":"https:\/\/tvtecjundiai.com.br\/news\/wp-json\/wp\/v2\/posts"}],"about":[{"href":"https:\/\/tvtecjundiai.com.br\/news\/wp-json\/wp\/v2\/types\/post"}],"author":[{"embeddable":true,"href":"https:\/\/tvtecjundiai.com.br\/news\/wp-json\/wp\/v2\/users\/24"}],"replies":[{"embeddable":true,"href":"https:\/\/tvtecjundiai.com.br\/news\/wp-json\/wp\/v2\/comments?post=116705"}],"version-history":[{"count":4,"href":"https:\/\/tvtecjundiai.com.br\/news\/wp-json\/wp\/v2\/posts\/116705\/revisions"}],"predecessor-version":[{"id":116721,"href":"https:\/\/tvtecjundiai.com.br\/news\/wp-json\/wp\/v2\/posts\/116705\/revisions\/116721"}],"wp:featuredmedia":[{"embeddable":true,"href":"https:\/\/tvtecjundiai.com.br\/news\/wp-json\/wp\/v2\/media\/116720"}],"wp:attachment":[{"href":"https:\/\/tvtecjundiai.com.br\/news\/wp-json\/wp\/v2\/media?parent=116705"}],"wp:term":[{"taxonomy":"category","embeddable":true,"href":"https:\/\/tvtecjundiai.com.br\/news\/wp-json\/wp\/v2\/categories?post=116705"},{"taxonomy":"post_tag","embeddable":true,"href":"https:\/\/tvtecjundiai.com.br\/news\/wp-json\/wp\/v2\/tags?post=116705"}],"curies":[{"name":"wp","href":"https:\/\/api.w.org\/{rel}","templated":true}]}}