{"id":116712,"date":"2023-11-06T12:09:21","date_gmt":"2023-11-06T15:09:21","guid":{"rendered":"https:\/\/tvtecjundiai.com.br\/news\/?p=116712"},"modified":"2023-11-06T12:09:25","modified_gmt":"2023-11-06T15:09:25","slug":"teatro-musical-infantil-chega-a-jundiai-com-apresentacao-unica-e-gratuita","status":"publish","type":"post","link":"https:\/\/tvtecjundiai.com.br\/news\/2023\/11\/06\/teatro-musical-infantil-chega-a-jundiai-com-apresentacao-unica-e-gratuita\/","title":{"rendered":"Teatro musical infantil chega a Jundia\u00ed com apresenta\u00e7\u00e3o \u00fanica e gratuita"},"content":{"rendered":"\n<p>\u201cA Princesa Dara e o Sapo que fala\u201d, espet\u00e1culo teatral musical voltado ao p\u00fablico infantil, ser\u00e1 apresentado gratuitamente no domingo (12), \u00e0s 15h, na Sala Santos-Jundia\u00ed, no Espa\u00e7o Expressa (antigo Complexo Fepasa). A pe\u00e7a traz uma hist\u00f3ria totalmente nova sobre uma princesa e um sapo falante, desta vez ambientada em um reino africano, liderado e constru\u00eddo por mulheres.<\/p>\n\n\n\n<p>Com foco no protagonismo feminino, negro e africano, o teatro procura incentivar o p\u00fablico infantil a buscar mais representatividades de realeza, al\u00e9m de abordar temas que envolvem ecologia, hist\u00f3ria, cultura popular, autoconhecimento e o poder de se reinventar. Ao longo do espet\u00e1culo, s\u00e3o executadas m\u00fasicas autorais, al\u00e9m de uma cantiga de roda brasileira, tamb\u00e9m adaptada para a pe\u00e7a.<\/p>\n\n\n\n<p>Espet\u00e1culo contemplado este ano pelo ProAC \u2013 Programa de A\u00e7\u00e3o Cultural do governo do Estado de S\u00e3o Paulo, por meio da Secretaria de Cultura e Economia Criativa, est\u00e1 em turn\u00ea por cidades do interior do estado de S\u00e3o Paulo.<\/p>\n\n\n\n<figure class=\"wp-block-image\"><img decoding=\"async\" src=\"https:\/\/jundiai.sp.gov.br\/noticias\/wp-content\/uploads\/sites\/32\/2023\/11\/foto-princesa-dara-1280x850.png\" alt=\"\" class=\"wp-image-330856\" \/><figcaption class=\"wp-element-caption\">\u201cA Princesa Dara e o Sapo que fala\u201d, domingo no Expressa Jundia\u00ed, com entrada gratuita<\/figcaption><\/figure>\n\n\n\n<p>O espet\u00e1culo \u201cA Princesa Dara e o Sapo que Fala\u201d, produzido pela Cia Kokelinha, de Campinas\/SP, estreou em 2019 e durante a pandemia realizou uma temporada on-line. Em 2021, os bastidores do espet\u00e1culo deram origem a um document\u00e1rio, que est\u00e1 dispon\u00edvel no canal da Cia Kokelinha no Youtube.<\/p>\n\n\n\n<p><strong>Fonte: <\/strong>Prefeitura de Jundia\u00ed\/ <strong>Imagem: <\/strong>Divulga\u00e7\u00e3o <\/p>\n","protected":false},"excerpt":{"rendered":"<p>O espet\u00e1culo teatral \u00e9 gratuito e acontece no domingo (12), \u00e0s 15h, no Espa\u00e7o Expressa. <\/p>\n","protected":false},"author":24,"featured_media":116713,"comment_status":"closed","ping_status":"0","sticky":false,"template":"","format":"standard","meta":{"footnotes":""},"categories":[2833,1],"tags":[84,5,556,83],"class_list":["post-116712","post","type-post","status-publish","format-standard","has-post-thumbnail","hentry","category-cultura","category-noticias","tag-cultura","tag-jundiai","tag-noticias","tag-teatro"],"_links":{"self":[{"href":"https:\/\/tvtecjundiai.com.br\/news\/wp-json\/wp\/v2\/posts\/116712","targetHints":{"allow":["GET"]}}],"collection":[{"href":"https:\/\/tvtecjundiai.com.br\/news\/wp-json\/wp\/v2\/posts"}],"about":[{"href":"https:\/\/tvtecjundiai.com.br\/news\/wp-json\/wp\/v2\/types\/post"}],"author":[{"embeddable":true,"href":"https:\/\/tvtecjundiai.com.br\/news\/wp-json\/wp\/v2\/users\/24"}],"replies":[{"embeddable":true,"href":"https:\/\/tvtecjundiai.com.br\/news\/wp-json\/wp\/v2\/comments?post=116712"}],"version-history":[{"count":1,"href":"https:\/\/tvtecjundiai.com.br\/news\/wp-json\/wp\/v2\/posts\/116712\/revisions"}],"predecessor-version":[{"id":116714,"href":"https:\/\/tvtecjundiai.com.br\/news\/wp-json\/wp\/v2\/posts\/116712\/revisions\/116714"}],"wp:featuredmedia":[{"embeddable":true,"href":"https:\/\/tvtecjundiai.com.br\/news\/wp-json\/wp\/v2\/media\/116713"}],"wp:attachment":[{"href":"https:\/\/tvtecjundiai.com.br\/news\/wp-json\/wp\/v2\/media?parent=116712"}],"wp:term":[{"taxonomy":"category","embeddable":true,"href":"https:\/\/tvtecjundiai.com.br\/news\/wp-json\/wp\/v2\/categories?post=116712"},{"taxonomy":"post_tag","embeddable":true,"href":"https:\/\/tvtecjundiai.com.br\/news\/wp-json\/wp\/v2\/tags?post=116712"}],"curies":[{"name":"wp","href":"https:\/\/api.w.org\/{rel}","templated":true}]}}