{"id":116736,"date":"2023-11-07T08:53:56","date_gmt":"2023-11-07T11:53:56","guid":{"rendered":"https:\/\/tvtecjundiai.com.br\/news\/?p=116736"},"modified":"2023-11-07T08:54:00","modified_gmt":"2023-11-07T11:54:00","slug":"campanha-de-multivacinacao-e-prorrogada-em-jundiai","status":"publish","type":"post","link":"https:\/\/tvtecjundiai.com.br\/news\/2023\/11\/07\/campanha-de-multivacinacao-e-prorrogada-em-jundiai\/","title":{"rendered":"Campanha de Multivacina\u00e7\u00e3o \u00e9 prorrogada em Jundia\u00ed"},"content":{"rendered":"\n<p>Jundia\u00ed prorrogou at\u00e9 o dia 14 de novembro a Campanha de Multivacina\u00e7\u00e3o 2023, voltada para crian\u00e7as e adolescentes menores de 15 anos. Na cidade, todas as Unidades B\u00e1sicas de Sa\u00fade (UBSs), Novas UBSs e Cl\u00ednicas da Fam\u00edlia realizam a verifica\u00e7\u00e3o das carteirinhas e aplica\u00e7\u00e3o das doses, durante o hor\u00e1rio de atendimento das salas de vacina\u00e7\u00e3o de cada equipamento.<\/p>\n\n\n\n<p>\u201c\u00c9 fundamental que os pais e\/ou respons\u00e1veis, que ainda n\u00e3o aderiram a essa mobiliza\u00e7\u00e3o, levem seus filhos aos servi\u00e7os de sa\u00fade para a verifica\u00e7\u00e3o da carteirinha. As vacinas s\u00e3o seguras e reduzem o risco da dissemina\u00e7\u00e3o de doen\u00e7as que podem ser prevenidas com os imunizantes dispon\u00edveis, al\u00e9m de impedir a reintrodu\u00e7\u00e3o das doen\u00e7as erradicadas, como \u00e9 o caso da Poliomielite, a paralisia infantil\u201d, ressalta a respons\u00e1vel pelo Programa Municipal de Imuniza\u00e7\u00e3o da Unidade de Gest\u00e3o de Promo\u00e7\u00e3o da Sa\u00fade (UGPS), enfermeira Vivian Cesar Beteli.<\/p>\n\n\n\n<figure class=\"wp-block-image\"><img decoding=\"async\" src=\"https:\/\/jundiai.sp.gov.br\/noticias\/wp-content\/uploads\/sites\/32\/2023\/10\/dia-d-campanha-de-multivacinacao_fm_-22-1280x854.jpg\" alt=\"\" class=\"wp-image-328812\" \/><figcaption class=\"wp-element-caption\">As doses s\u00e3o aplicadas no hor\u00e1rio das salas de vacina\u00e7\u00e3o dos servi\u00e7os de sa\u00fade<\/figcaption><\/figure>\n\n\n\n<p>Desde o dia 1\u00ba de outubro, no Munic\u00edpio, foram aplicadas 6.050 doses de vacinas no p\u00fablico-alvo, sendo 2.220 em menores de um ano de idade, 2.031 em crian\u00e7as de 1 a 4 anos, 517 na popula\u00e7\u00e3o de 5 a 8 anos, e 1.282 doses em adolescentes de 9 a 14 anos. Foram verificadas 7.573 carteirinhas.<\/p>\n\n\n\n<p>Ao todo, est\u00e3o sendo ofertadas 17 vacinas do calend\u00e1rio do Programa Nacional de Imuniza\u00e7\u00f5es (PNI), al\u00e9m das doses contra Covid-19 e Influenza (gripe).<\/p>\n\n\n\n<p><a href=\"https:\/\/jundiai.sp.gov.br\/saude\/rede-de-atendimento\/rede-completa-de-atendimento\/\">CONFIRA OS ENDERE\u00c7OS<\/a><\/p>\n\n\n\n<p><strong>Fonte\/Imagem:<\/strong> Prefeitura de Jundia\u00ed <\/p>\n","protected":false},"excerpt":{"rendered":"<p>A campanha que \u00e9 voltada para crian\u00e7as e adolescentes menores de 15 anos foi prorrogada at\u00e9 o dia 14 de novembro. <\/p>\n","protected":false},"author":24,"featured_media":116737,"comment_status":"closed","ping_status":"0","sticky":false,"template":"","format":"standard","meta":{"footnotes":""},"categories":[1],"tags":[5,556,6],"class_list":["post-116736","post","type-post","status-publish","format-standard","has-post-thumbnail","hentry","category-noticias","tag-jundiai","tag-noticias","tag-saude"],"_links":{"self":[{"href":"https:\/\/tvtecjundiai.com.br\/news\/wp-json\/wp\/v2\/posts\/116736","targetHints":{"allow":["GET"]}}],"collection":[{"href":"https:\/\/tvtecjundiai.com.br\/news\/wp-json\/wp\/v2\/posts"}],"about":[{"href":"https:\/\/tvtecjundiai.com.br\/news\/wp-json\/wp\/v2\/types\/post"}],"author":[{"embeddable":true,"href":"https:\/\/tvtecjundiai.com.br\/news\/wp-json\/wp\/v2\/users\/24"}],"replies":[{"embeddable":true,"href":"https:\/\/tvtecjundiai.com.br\/news\/wp-json\/wp\/v2\/comments?post=116736"}],"version-history":[{"count":1,"href":"https:\/\/tvtecjundiai.com.br\/news\/wp-json\/wp\/v2\/posts\/116736\/revisions"}],"predecessor-version":[{"id":116738,"href":"https:\/\/tvtecjundiai.com.br\/news\/wp-json\/wp\/v2\/posts\/116736\/revisions\/116738"}],"wp:featuredmedia":[{"embeddable":true,"href":"https:\/\/tvtecjundiai.com.br\/news\/wp-json\/wp\/v2\/media\/116737"}],"wp:attachment":[{"href":"https:\/\/tvtecjundiai.com.br\/news\/wp-json\/wp\/v2\/media?parent=116736"}],"wp:term":[{"taxonomy":"category","embeddable":true,"href":"https:\/\/tvtecjundiai.com.br\/news\/wp-json\/wp\/v2\/categories?post=116736"},{"taxonomy":"post_tag","embeddable":true,"href":"https:\/\/tvtecjundiai.com.br\/news\/wp-json\/wp\/v2\/tags?post=116736"}],"curies":[{"name":"wp","href":"https:\/\/api.w.org\/{rel}","templated":true}]}}