{"id":116749,"date":"2023-11-07T10:47:00","date_gmt":"2023-11-07T13:47:00","guid":{"rendered":"https:\/\/tvtecjundiai.com.br\/news\/?p=116749"},"modified":"2023-11-07T15:24:50","modified_gmt":"2023-11-07T18:24:50","slug":"vila-ana-tera-quadra-sintetica-para-diversao-das-familias","status":"publish","type":"post","link":"https:\/\/tvtecjundiai.com.br\/news\/2023\/11\/07\/vila-ana-tera-quadra-sintetica-para-diversao-das-familias\/","title":{"rendered":"Vila Ana ter\u00e1 quadra sint\u00e9tica para divers\u00e3o das fam\u00edlias"},"content":{"rendered":"\n<p>Localizada na Vila Ana, a pra\u00e7a na avenida Dr Paulo Moutran ter\u00e1, al\u00e9m de brinquedos naturalizados para as crian\u00e7as, quadra sint\u00e9tica para uso das fam\u00edlias. A \u00e1rea, que j\u00e1 tem a base e cercamento constru\u00eddos, receber\u00e1 a cobertura de grama sint\u00e9tica nos pr\u00f3ximos 30 dias. Ao todo, o investimento no espa\u00e7o \u2013 com a revitaliza\u00e7\u00e3o, ilumina\u00e7\u00e3o e quadra \u2013 soma R$ 400 mil. Este ser\u00e1 o terceiro espa\u00e7o com gramado sint\u00e9tico, p\u00fablico, dispon\u00edvel em Jundia\u00ed, pela Unidade de Gest\u00e3o de Esporte e Lazer.<\/p>\n\n\n\n<p>\u201cEsta ser\u00e1 mais uma quadra sint\u00e9tica que a Prefeitura de Jundia\u00ed entregar\u00e1 para uso da popula\u00e7\u00e3o. \u00c9 um tipo de equipamento que atrai a popula\u00e7\u00e3o, em todas as idades, e promove a pr\u00e1tica de atividades f\u00edsicas, garantindo a promo\u00e7\u00e3o da sa\u00fade. Estes investimentos unem fam\u00edlias e promovem a intergeracionalidade na Cidade das Crian\u00e7as\u201d, comenta o prefeito Luiz Fernando Machado.<\/p>\n\n\n\n<figure class=\"wp-block-image\"><img decoding=\"async\" src=\"https:\/\/jundiai.sp.gov.br\/noticias\/wp-content\/uploads\/sites\/32\/2023\/10\/obras-quadra-da-vila-ana_fm_-17-1280x854.jpg\" alt=\"\" class=\"wp-image-330777\" \/><figcaption class=\"wp-element-caption\">Quadra ter\u00e1 piso de grama sint\u00e9tica para a fam\u00edlia inteira<\/figcaption><\/figure>\n\n\n\n<p>De acordo com dados da Unidade de Gest\u00e3o de Infraestrutura e Servi\u00e7os P\u00fablicos (UGISP), o espa\u00e7o recebeu l\u00e2mpadas em LED e refletores, cercamento de alambrado, jardinagem e brinquedo estruturantes. \u201cA adequa\u00e7\u00e3o do piso da quadra para grama sint\u00e9tica oferece maior conforto ao espa\u00e7o e amplia as op\u00e7\u00f5es de pr\u00e1ticas esportivas na modalidade entre a popula\u00e7\u00e3o\u201d, explica o gestor da Unidade de Esporte e Lazer (UGEL), Luis Cl\u00e1udio Tarallo.<\/p>\n\n\n\n<p>\u201cA Vila Ana receber\u00e1 um espa\u00e7o diferenciado. Al\u00e9m do parque que j\u00e1 foi revitalizado, com brinquedos naturalizados para o est\u00edmulo do desenvolvimento das crian\u00e7as, a quadra ganhar\u00e1 piso sint\u00e9tico, moderno, que garante qualidade e conforto para a pr\u00e1tica esportiva. Os investimentos de Jundia\u00ed s\u00e3o feitos para atender toda a fam\u00edlia\u201d, ressalta o gestor de Governo e Finan\u00e7as (UGGF), Jos\u00e9 Antonio Parimoschi.<\/p>\n\n\n\n<p>Atualmente, Jundia\u00ed conta com duas quadras de grama sint\u00e9tica entre todos os Complexos Educacionais, Culturais e Esportivos (CECEs), na Vila Rami (Dal Santo) e na pra\u00e7a Onofre Canedo, no Almerinda Chaves.<\/p>\n\n\n\n<p>A expectativa de conclus\u00e3o da \u00faltima etapa \u00e9 em 30 dias.<\/p>\n\n\n\n<figure class=\"wp-block-image\"><img decoding=\"async\" src=\"https:\/\/jundiai.sp.gov.br\/noticias\/wp-content\/uploads\/sites\/32\/2023\/10\/obras-quadra-da-vila-ana_fm_-11-1280x854.jpg\" alt=\"\" class=\"wp-image-330779\" \/><figcaption class=\"wp-element-caption\">Parque com brinquedos naturalizados foi revitalizado para o uso das crian\u00e7as<\/figcaption><\/figure>\n\n\n\n<p><strong>Fonte\/imagem:<\/strong> Prefeitura de Jundia\u00ed <\/p>\n","protected":false},"excerpt":{"rendered":"<p>Al\u00e9m da quadra, o local tamb\u00e9m ter\u00e1 brinquedos naturalizados para as crian\u00e7as<\/p>\n","protected":false},"author":24,"featured_media":116750,"comment_status":"closed","ping_status":"0","sticky":false,"template":"","format":"standard","meta":{"footnotes":""},"categories":[29,8356,1],"tags":[5,556],"class_list":["post-116749","post","type-post","status-publish","format-standard","has-post-thumbnail","hentry","category-destaque","category-jundiai","category-noticias","tag-jundiai","tag-noticias"],"_links":{"self":[{"href":"https:\/\/tvtecjundiai.com.br\/news\/wp-json\/wp\/v2\/posts\/116749","targetHints":{"allow":["GET"]}}],"collection":[{"href":"https:\/\/tvtecjundiai.com.br\/news\/wp-json\/wp\/v2\/posts"}],"about":[{"href":"https:\/\/tvtecjundiai.com.br\/news\/wp-json\/wp\/v2\/types\/post"}],"author":[{"embeddable":true,"href":"https:\/\/tvtecjundiai.com.br\/news\/wp-json\/wp\/v2\/users\/24"}],"replies":[{"embeddable":true,"href":"https:\/\/tvtecjundiai.com.br\/news\/wp-json\/wp\/v2\/comments?post=116749"}],"version-history":[{"count":2,"href":"https:\/\/tvtecjundiai.com.br\/news\/wp-json\/wp\/v2\/posts\/116749\/revisions"}],"predecessor-version":[{"id":116772,"href":"https:\/\/tvtecjundiai.com.br\/news\/wp-json\/wp\/v2\/posts\/116749\/revisions\/116772"}],"wp:featuredmedia":[{"embeddable":true,"href":"https:\/\/tvtecjundiai.com.br\/news\/wp-json\/wp\/v2\/media\/116750"}],"wp:attachment":[{"href":"https:\/\/tvtecjundiai.com.br\/news\/wp-json\/wp\/v2\/media?parent=116749"}],"wp:term":[{"taxonomy":"category","embeddable":true,"href":"https:\/\/tvtecjundiai.com.br\/news\/wp-json\/wp\/v2\/categories?post=116749"},{"taxonomy":"post_tag","embeddable":true,"href":"https:\/\/tvtecjundiai.com.br\/news\/wp-json\/wp\/v2\/tags?post=116749"}],"curies":[{"name":"wp","href":"https:\/\/api.w.org\/{rel}","templated":true}]}}