{"id":116782,"date":"2023-11-08T08:57:43","date_gmt":"2023-11-08T11:57:43","guid":{"rendered":"https:\/\/tvtecjundiai.com.br\/news\/?p=116782"},"modified":"2023-11-08T08:57:46","modified_gmt":"2023-11-08T11:57:46","slug":"novembro-azul-em-jundiai-os-motoristas-do-transporte-coletivo-receberam-orientacao-e-cuidados","status":"publish","type":"post","link":"https:\/\/tvtecjundiai.com.br\/news\/2023\/11\/08\/novembro-azul-em-jundiai-os-motoristas-do-transporte-coletivo-receberam-orientacao-e-cuidados\/","title":{"rendered":"Novembro Azul: Em Jundia\u00ed, os motoristas do transporte coletivo receberam orienta\u00e7\u00e3o e cuidados"},"content":{"rendered":"\n<p>As Unidades de Gest\u00e3o de Promo\u00e7\u00e3o da Sa\u00fade (UGPS) e de Mobilidade e Transporte (UGMT) levaram, nesta ter\u00e7a-feira (7), o alerta da Campanha Novembro Azul aos motoristas de \u00f4nibus e profissionais do Sistema Integrado de Transporte Urbano (SITU) de Jundia\u00ed. A partir da oferta de cuidados por equipe multiprofissional, o objetivo foi chamar a aten\u00e7\u00e3o dos homens para os cuidados com a sa\u00fade.<\/p>\n\n\n\n<p>A primeira parada foi para a aferi\u00e7\u00e3o de press\u00e3o. Na sequ\u00eancia, foi dada orienta\u00e7\u00e3o sobre a import\u00e2ncia do diagn\u00f3stico precoce do c\u00e2ncer de pr\u00f3stata e de outras doen\u00e7as que atingem a popula\u00e7\u00e3o masculina. Os profissionais tamb\u00e9m realizaram testes r\u00e1pidos, atualizaram as carteirinhas de vacina\u00e7\u00e3o e fizeram auriculoterapia. Aos motoristas com sintomas e na idade preconizada pelo Minist\u00e9rio da Sa\u00fade \u2013 a partir dos 50 anos ou 45 anos, se afrodescendente ou com hist\u00f3rico de neoplasia de pr\u00f3stata na fam\u00edlia \u2013 ainda foi ofertada avalia\u00e7\u00e3o individualizada e coleta de exame, seguindo o protocolo da rede municipal de sa\u00fade.<\/p>\n\n\n\n<figure class=\"wp-block-image\"><img decoding=\"async\" src=\"https:\/\/jundiai.sp.gov.br\/noticias\/wp-content\/uploads\/sites\/32\/2023\/11\/atividade_novembro_azul_viacao_jundiaiense_pa-30-1280x854.jpg\" alt=\"\" class=\"wp-image-330975\" \/><figcaption class=\"wp-element-caption\">Samuel aproveitou todas as ofertas e elogiou a a\u00e7\u00e3o<\/figcaption><\/figure>\n\n\n\n<p>\u201cA a\u00e7\u00e3o integra nossa programa\u00e7\u00e3o para marcar o Novembro Azul. A garagem fica no territ\u00f3rio do nosso servi\u00e7o e, al\u00e9m de oferecer esse atendimento como forma de conscientizar os homens sobre a necessidade do autocuidado, que inclui a busca por exames preventivos e a ado\u00e7\u00e3o de h\u00e1bitos saud\u00e1veis, estamos mostrando o que a Aten\u00e7\u00e3o B\u00e1sica do Munic\u00edpio oferece. Nas unidades, o foco \u00e9 mais do que o tratamento dentro do consult\u00f3rio, \u00e9 a promo\u00e7\u00e3o da sa\u00fade de maneira integral\u201d, ressaltou o gerente da Unidade de Sa\u00fade da Fam\u00edlia (USF) Parque Centen\u00e1rio, Rafael Antonio da Silva.<\/p>\n\n\n\n<p>\u201cA iniciativa tamb\u00e9m vem ao encontro das nossas a\u00e7\u00f5es que visam promover o bem-estar desses profissionais que prestam um importante servi\u00e7o para a popula\u00e7\u00e3o. Muitos aproveitaram para tirar d\u00favidas. Foi um importante incentivo \u00e0 sa\u00fade\u201d, completou o diretor do Departamento de Transporte P\u00fablico, Leslie Litano Tealdi Nascimento.<\/p>\n\n\n\n<figure class=\"wp-block-image\"><a href=\"https:\/\/jundiai.sp.gov.br\/noticias\/wp-content\/uploads\/sites\/32\/2023\/11\/atividade_novembro_azul_viacao_jundiaiense_pa-7.jpg\"><img decoding=\"async\" src=\"https:\/\/jundiai.sp.gov.br\/noticias\/wp-content\/uploads\/sites\/32\/2023\/11\/atividade_novembro_azul_viacao_jundiaiense_pa-7-1280x854.jpg\" alt=\"\" class=\"wp-image-330971\" \/><\/a><figcaption class=\"wp-element-caption\">Os participantes foram orientados sobre os principais sintomas do c\u00e2ncer de pr\u00f3stata<\/figcaption><\/figure>\n\n\n\n<p><strong>Aprova\u00e7\u00e3o<\/strong><br>Para o motorista Samuel Santos foi bom verificar, principalmente, como estava a press\u00e3o arterial. \u201cSou hipertenso e a minha \u00faltima consulta faz oito meses. Esse atendimento \u00e9 \u00f3timo. Estou participando de tudo. Eu transporto vidas e tenho que estar com tudo em dia\u201d, destacou.<\/p>\n\n\n\n<p>J\u00e1 para o fiscal operacional Lucas Mateus de Oliveira foi a oportunidade de ficar com as vacinas em dia. \u201cFazia 12 anos que eu n\u00e3o tomava vacinas de rotina. Recebi orienta\u00e7\u00e3o e agora vou ficar mais esperto com a minha sa\u00fade. Gostei muito dessa a\u00e7\u00e3o\u201d, comentou.<\/p>\n\n\n\n<p><strong>Programa\u00e7\u00e3o<\/strong><br>No Munic\u00edpio, para marcar o Novembro Azul, ser\u00e3o realizadas diversas a\u00e7\u00f5es pelos equipamentos de sa\u00fade. A programa\u00e7\u00e3o pode ser conferida em cada na unidade.<\/p>\n\n\n\n<p><strong>Fonte\/Imagem:<\/strong> Prefeitura de Jundia\u00ed <\/p>\n","protected":false},"excerpt":{"rendered":"<p>A partir da oferta de cuidados por equipe multiprofissional, o objetivo foi chamar a aten\u00e7\u00e3o dos homens para os cuidados com a sa\u00fade.<\/p>\n","protected":false},"author":24,"featured_media":116783,"comment_status":"closed","ping_status":"0","sticky":false,"template":"","format":"standard","meta":{"footnotes":""},"categories":[1],"tags":[5,556,6],"class_list":["post-116782","post","type-post","status-publish","format-standard","has-post-thumbnail","hentry","category-noticias","tag-jundiai","tag-noticias","tag-saude"],"_links":{"self":[{"href":"https:\/\/tvtecjundiai.com.br\/news\/wp-json\/wp\/v2\/posts\/116782","targetHints":{"allow":["GET"]}}],"collection":[{"href":"https:\/\/tvtecjundiai.com.br\/news\/wp-json\/wp\/v2\/posts"}],"about":[{"href":"https:\/\/tvtecjundiai.com.br\/news\/wp-json\/wp\/v2\/types\/post"}],"author":[{"embeddable":true,"href":"https:\/\/tvtecjundiai.com.br\/news\/wp-json\/wp\/v2\/users\/24"}],"replies":[{"embeddable":true,"href":"https:\/\/tvtecjundiai.com.br\/news\/wp-json\/wp\/v2\/comments?post=116782"}],"version-history":[{"count":1,"href":"https:\/\/tvtecjundiai.com.br\/news\/wp-json\/wp\/v2\/posts\/116782\/revisions"}],"predecessor-version":[{"id":116784,"href":"https:\/\/tvtecjundiai.com.br\/news\/wp-json\/wp\/v2\/posts\/116782\/revisions\/116784"}],"wp:featuredmedia":[{"embeddable":true,"href":"https:\/\/tvtecjundiai.com.br\/news\/wp-json\/wp\/v2\/media\/116783"}],"wp:attachment":[{"href":"https:\/\/tvtecjundiai.com.br\/news\/wp-json\/wp\/v2\/media?parent=116782"}],"wp:term":[{"taxonomy":"category","embeddable":true,"href":"https:\/\/tvtecjundiai.com.br\/news\/wp-json\/wp\/v2\/categories?post=116782"},{"taxonomy":"post_tag","embeddable":true,"href":"https:\/\/tvtecjundiai.com.br\/news\/wp-json\/wp\/v2\/tags?post=116782"}],"curies":[{"name":"wp","href":"https:\/\/api.w.org\/{rel}","templated":true}]}}