{"id":116807,"date":"2023-11-08T14:28:49","date_gmt":"2023-11-08T17:28:49","guid":{"rendered":"https:\/\/tvtecjundiai.com.br\/news\/?p=116807"},"modified":"2023-11-08T14:28:53","modified_gmt":"2023-11-08T17:28:53","slug":"onda-de-calor-volta-a-atingir-o-brasil-e-maximas-podem-chegar-ate-43-graus","status":"publish","type":"post","link":"https:\/\/tvtecjundiai.com.br\/news\/2023\/11\/08\/onda-de-calor-volta-a-atingir-o-brasil-e-maximas-podem-chegar-ate-43-graus\/","title":{"rendered":"Onda de calor volta a atingir o Brasil e m\u00e1ximas podem chegar at\u00e9 43\u00b0 graus"},"content":{"rendered":"\n<p>O Brasil ser\u00e1 atingido por uma onda de calor hist\u00f3rica pelo terceiro m\u00eas seguido com marcas extremas de temperatura em v\u00e1rios estados e uma alta probabilidade de quebra de recordes hist\u00f3ricos.<\/p>\n\n\n\n<figure class=\"wp-block-image size-large\"><img loading=\"lazy\" decoding=\"async\" width=\"1200\" height=\"761\" src=\"https:\/\/tvtecjundiai.com.br\/news\/wp-content\/uploads\/sites\/2\/2023\/11\/calor-jundiai-25-1-1200x761.jpg\" alt=\"\" class=\"wp-image-116809\" srcset=\"https:\/\/tvtecjundiai.com.br\/news\/wp-content\/uploads\/sites\/2\/2023\/11\/calor-jundiai-25-1-1200x761.jpg 1200w, https:\/\/tvtecjundiai.com.br\/news\/wp-content\/uploads\/sites\/2\/2023\/11\/calor-jundiai-25-1-300x190.jpg 300w, https:\/\/tvtecjundiai.com.br\/news\/wp-content\/uploads\/sites\/2\/2023\/11\/calor-jundiai-25-1-768x487.jpg 768w, https:\/\/tvtecjundiai.com.br\/news\/wp-content\/uploads\/sites\/2\/2023\/11\/calor-jundiai-25-1.jpg 1280w\" sizes=\"auto, (max-width: 1200px) 100vw, 1200px\" \/><\/figure>\n\n\n\n<p>Os dados analisados pela <a href=\"https:\/\/metsul.com\/brasil-tera-onda-de-calor-incomum-e-uma-das-mais-intensas-da-historia\/\">MetSul <\/a>Meteorologia indicam que h\u00e1 o potencial deste novo epis\u00f3dio de calor excepcional superar em intensidade os eventos hist\u00f3ricos de calor de setembro e outubro. O que os modelos mostram de calor \u00e9 t\u00e3o extraordin\u00e1rio e fora da curva hist\u00f3rica que a onda de calor pode ser a mais intensa j\u00e1 registrada no Brasil em valores de temperatura m\u00e1xima.<\/p>\n\n\n\n<p>A onda de calor j\u00e1 est\u00e1 nos seus est\u00e1gios iniciais e tende a ganhar muita for\u00e7a durante os pr\u00f3ximos dias. O calor mais extremo, inicialmente, atinge \u00e1reas do Centro-Oeste, como nos estados do Mato Grosso e do Mato Grosso do Sul. At\u00e9 sexta-feira, o calor mais intenso concentra-se no Centro-Oeste e no interior de S\u00e3o Paulo, mas a partir do fim de semana a massa de ar quente se amplia e as m\u00e1ximas muito altas passam a alcan\u00e7ar mais \u00e1reas.<\/p>\n\n\n\n<p>Por isso, embora j\u00e1 fa\u00e7a calor em muitas \u00e1reas do Sudeste do Brasil entre hoje e sexta, as temperaturas se elevam acentuadamente a partir de s\u00e1bado, quando as m\u00e1ximas v\u00e3o passar dos 40\u00baC em v\u00e1rias cidades do interior de S\u00e3o Paulo e podem alcan\u00e7ar at\u00e9 36\u00baC ou 37\u00baC na cidade de S\u00e3o Paulo.<\/p>\n\n\n\n<p><strong>Fonte:<\/strong> MetSul Meteorologia\/<strong> Imagem: <\/strong>Prefeitura de Jundia\u00ed <\/p>\n\n\n\n<p><\/p>\n","protected":false},"excerpt":{"rendered":"<p>As temperaturas se elevam acentuadamente a partir de s\u00e1bado, quando as m\u00e1ximas v\u00e3o passar dos 40\u00baC em v\u00e1rias cidades do interior de S\u00e3o Paulo.<\/p>\n","protected":false},"author":24,"featured_media":116809,"comment_status":"closed","ping_status":"0","sticky":false,"template":"","format":"standard","meta":{"footnotes":""},"categories":[1,8415],"tags":[5,556,2921],"class_list":["post-116807","post","type-post","status-publish","format-standard","has-post-thumbnail","hentry","category-noticias","category-previsao-do-tempo","tag-jundiai","tag-noticias","tag-previsao-do-tempo"],"_links":{"self":[{"href":"https:\/\/tvtecjundiai.com.br\/news\/wp-json\/wp\/v2\/posts\/116807","targetHints":{"allow":["GET"]}}],"collection":[{"href":"https:\/\/tvtecjundiai.com.br\/news\/wp-json\/wp\/v2\/posts"}],"about":[{"href":"https:\/\/tvtecjundiai.com.br\/news\/wp-json\/wp\/v2\/types\/post"}],"author":[{"embeddable":true,"href":"https:\/\/tvtecjundiai.com.br\/news\/wp-json\/wp\/v2\/users\/24"}],"replies":[{"embeddable":true,"href":"https:\/\/tvtecjundiai.com.br\/news\/wp-json\/wp\/v2\/comments?post=116807"}],"version-history":[{"count":1,"href":"https:\/\/tvtecjundiai.com.br\/news\/wp-json\/wp\/v2\/posts\/116807\/revisions"}],"predecessor-version":[{"id":116810,"href":"https:\/\/tvtecjundiai.com.br\/news\/wp-json\/wp\/v2\/posts\/116807\/revisions\/116810"}],"wp:featuredmedia":[{"embeddable":true,"href":"https:\/\/tvtecjundiai.com.br\/news\/wp-json\/wp\/v2\/media\/116809"}],"wp:attachment":[{"href":"https:\/\/tvtecjundiai.com.br\/news\/wp-json\/wp\/v2\/media?parent=116807"}],"wp:term":[{"taxonomy":"category","embeddable":true,"href":"https:\/\/tvtecjundiai.com.br\/news\/wp-json\/wp\/v2\/categories?post=116807"},{"taxonomy":"post_tag","embeddable":true,"href":"https:\/\/tvtecjundiai.com.br\/news\/wp-json\/wp\/v2\/tags?post=116807"}],"curies":[{"name":"wp","href":"https:\/\/api.w.org\/{rel}","templated":true}]}}