{"id":116882,"date":"2023-11-10T14:17:18","date_gmt":"2023-11-10T17:17:18","guid":{"rendered":"https:\/\/tvtecjundiai.com.br\/news\/?p=116882"},"modified":"2023-11-10T14:20:17","modified_gmt":"2023-11-10T17:20:17","slug":"temperaturas-podem-chegar-a-37-graus-no-fim-de-semana-em-jundiai11","status":"publish","type":"post","link":"https:\/\/tvtecjundiai.com.br\/news\/2023\/11\/10\/temperaturas-podem-chegar-a-37-graus-no-fim-de-semana-em-jundiai11\/","title":{"rendered":"Temperatura pode chegar a 37\u00b0 graus no fim de semana em Jundia\u00ed"},"content":{"rendered":"\n<p>Uma nova onda de calor atinge o Brasil nos pr\u00f3ximos dias, o que far\u00e1 com que o fim de semana em Jundia\u00ed tenha altas temperaturas, podendo chegar at\u00e9 os 37\u00b0 graus, segundo o site do Climatempo. <\/p>\n\n\n\n<figure class=\"wp-block-image size-full\"><img loading=\"lazy\" decoding=\"async\" width=\"1200\" height=\"900\" src=\"https:\/\/tvtecjundiai.com.br\/news\/wp-content\/uploads\/sites\/2\/2023\/11\/WhatsApp-Image-2023-10-31-at-14.37.06-1200x900-1.jpeg\" alt=\"\" class=\"wp-image-116892\" srcset=\"https:\/\/tvtecjundiai.com.br\/news\/wp-content\/uploads\/sites\/2\/2023\/11\/WhatsApp-Image-2023-10-31-at-14.37.06-1200x900-1.jpeg 1200w, https:\/\/tvtecjundiai.com.br\/news\/wp-content\/uploads\/sites\/2\/2023\/11\/WhatsApp-Image-2023-10-31-at-14.37.06-1200x900-1-300x225.jpeg 300w, https:\/\/tvtecjundiai.com.br\/news\/wp-content\/uploads\/sites\/2\/2023\/11\/WhatsApp-Image-2023-10-31-at-14.37.06-1200x900-1-768x576.jpeg 768w\" sizes=\"auto, (max-width: 1200px) 100vw, 1200px\" \/><\/figure>\n\n\n\n<p>S\u00e1bado (11) &#8211; Sem previs\u00e3o de chuva, o dia ser\u00e1 quente, com a m\u00ednima de 19\u00b0 e m\u00e1xima de 34\u00b0. <\/p>\n\n\n\n<p>Domingo (12) &#8211; Sem previs\u00e3o de chuva, o dia ser\u00e1 ensolarado e com a temperatura podendo chegar aos 37\u00b0, com m\u00ednima de 20. <\/p>\n\n\n\n<p>Como h\u00e1 previs\u00e3o para m\u00e1ximas de 37\u00b0C e sensa\u00e7\u00e3o t\u00e9rmica de 40\u00b0C, a indica\u00e7\u00e3o da Defesa Civil \u00e9 para que os exerc\u00edcios ao ar livre nos per\u00edodos mais quentes dos dias sejam evitados. <\/p>\n\n\n\n<p><strong>Fonte\/Imagem: <\/strong>TVTEC<\/p>\n","protected":false},"excerpt":{"rendered":"<p>As temperaturas podem chegar aos 37\u00b0 graus. <\/p>\n","protected":false},"author":24,"featured_media":116893,"comment_status":"closed","ping_status":"0","sticky":false,"template":"","format":"standard","meta":{"footnotes":""},"categories":[1,8415],"tags":[5,556,2921],"class_list":["post-116882","post","type-post","status-publish","format-standard","has-post-thumbnail","hentry","category-noticias","category-previsao-do-tempo","tag-jundiai","tag-noticias","tag-previsao-do-tempo"],"_links":{"self":[{"href":"https:\/\/tvtecjundiai.com.br\/news\/wp-json\/wp\/v2\/posts\/116882","targetHints":{"allow":["GET"]}}],"collection":[{"href":"https:\/\/tvtecjundiai.com.br\/news\/wp-json\/wp\/v2\/posts"}],"about":[{"href":"https:\/\/tvtecjundiai.com.br\/news\/wp-json\/wp\/v2\/types\/post"}],"author":[{"embeddable":true,"href":"https:\/\/tvtecjundiai.com.br\/news\/wp-json\/wp\/v2\/users\/24"}],"replies":[{"embeddable":true,"href":"https:\/\/tvtecjundiai.com.br\/news\/wp-json\/wp\/v2\/comments?post=116882"}],"version-history":[{"count":5,"href":"https:\/\/tvtecjundiai.com.br\/news\/wp-json\/wp\/v2\/posts\/116882\/revisions"}],"predecessor-version":[{"id":116896,"href":"https:\/\/tvtecjundiai.com.br\/news\/wp-json\/wp\/v2\/posts\/116882\/revisions\/116896"}],"wp:featuredmedia":[{"embeddable":true,"href":"https:\/\/tvtecjundiai.com.br\/news\/wp-json\/wp\/v2\/media\/116893"}],"wp:attachment":[{"href":"https:\/\/tvtecjundiai.com.br\/news\/wp-json\/wp\/v2\/media?parent=116882"}],"wp:term":[{"taxonomy":"category","embeddable":true,"href":"https:\/\/tvtecjundiai.com.br\/news\/wp-json\/wp\/v2\/categories?post=116882"},{"taxonomy":"post_tag","embeddable":true,"href":"https:\/\/tvtecjundiai.com.br\/news\/wp-json\/wp\/v2\/tags?post=116882"}],"curies":[{"name":"wp","href":"https:\/\/api.w.org\/{rel}","templated":true}]}}