{"id":116956,"date":"2023-11-12T09:32:39","date_gmt":"2023-11-12T12:32:39","guid":{"rendered":"https:\/\/tvtecjundiai.com.br\/news\/?p=116956"},"modified":"2023-11-12T09:32:42","modified_gmt":"2023-11-12T12:32:42","slug":"em-fato-inedito-representantes-da-rmj-sao-eleitos-para-conferencia-nacional-de-assistencia-social","status":"publish","type":"post","link":"https:\/\/tvtecjundiai.com.br\/news\/2023\/11\/12\/em-fato-inedito-representantes-da-rmj-sao-eleitos-para-conferencia-nacional-de-assistencia-social\/","title":{"rendered":"Em fato in\u00e9dito, representantes da RMJ s\u00e3o eleitos para Confer\u00eancia Nacional de Assist\u00eancia Social"},"content":{"rendered":"\n<p>Nesta semana, cidades da Regi\u00e3o Metropolitana de Jundia\u00ed (RMJ) elegeram 6 representantes titulares e 5 suplentes que representar\u00e3o a Regi\u00e3o e o Estado de S\u00e3o Paulo na 13\u00aa Confer\u00eancia Nacional de Assist\u00eancia Social. O evento ser\u00e1 presencial, em Bras\u00edlia\/DF, entre 05 a 08 de dezembro de 2023, e ter\u00e1 como tema central da discuss\u00e3o \u201cReconstru\u00e7\u00e3o do SUAS: o SUAS que temos e o SUAS que queremos\u201d. A participa\u00e7\u00e3o de representantes de Jundia\u00ed e da Regi\u00e3o \u00e9 um fato in\u00e9dito desde a cria\u00e7\u00e3o das confer\u00eancias de assist\u00eancia social, em 1995.<\/p>\n\n\n\n<p>\u201cO Controle Social apresenta-se como uma das bases sob a qual organiza-se o Sistema \u00danico de Assist\u00eancia Social e, por meio dessa elei\u00e7\u00e3o, somos capazes de garantir o protagonismo do poder p\u00fablico e da sociedade civil dos munic\u00edpios da Regi\u00e3o Metropolitana de Jundia\u00ed. Principalmente na constru\u00e7\u00e3o coletiva e democr\u00e1tica da consolida\u00e7\u00e3o e amplia\u00e7\u00e3o da prote\u00e7\u00e3o social e defesa de direitos em \u00e2mbito federal\u201d, disse Bruno Vechiatto, Delegado Eleito para representar o Poder P\u00fablico de Jundia\u00ed em Bras\u00edlia.<\/p>\n\n\n\n<figure class=\"wp-block-image\"><img decoding=\"async\" src=\"https:\/\/jundiai.sp.gov.br\/noticias\/wp-content\/uploads\/sites\/32\/2023\/11\/ae4e46e7-79e0-4139-bfb7-b89eb4979de7-1280x913.jpg\" alt=\"\" class=\"wp-image-331295\" \/><figcaption class=\"wp-element-caption\">Delega\u00e7\u00e3o de Jundia\u00ed na Confer\u00eancia Estadual de Assist\u00eancia Social<\/figcaption><\/figure>\n\n\n\n<p>Os representantes j\u00e1 haviam participado da Confer\u00eancia Municipal, realizada em julho, e tamb\u00e9m da Confer\u00eancia Estadual, em outubro. A elei\u00e7\u00e3o j\u00e1 estava na etapa estadual. O presidente do Conselho Municipal de Assist\u00eancia Social e diretor do Departamento de Prote\u00e7\u00e3o Social Especial da UGADS, Luiz Guilherme Fuschini Camargo, tamb\u00e9m exalta o feito. \u201cO prop\u00f3sito da Confer\u00eancia \u00e9 fortalecer e avan\u00e7ar na pol\u00edtica de Assist\u00eancia Social e torn\u00e1-la cada vez mais inclusiva e mais participativa. Essa participa\u00e7\u00e3o de Jundia\u00ed na Confer\u00eancia Estadual consolidou nossa posi\u00e7\u00e3o como refer\u00eancia na Regi\u00e3o Metropolitana de Jundia\u00ed e permitiu que articul\u00e1ssemos com Munic\u00edpios de regi\u00e3o a participa\u00e7\u00e3o deles na Confer\u00eancia Nacional. Isso vai ampliar a possibilidade de apresentarmos demandas regionais e avan\u00e7armos ainda mais nas pol\u00edticas p\u00fablicas\u201d, disse.<\/p>\n\n\n\n<p>A 13\u00aa Confer\u00eancia Nacional de Assist\u00eancia Social abordar\u00e1 5 eixos tem\u00e1ticos: Financiamento; Controle Social; Articula\u00e7\u00e3o entre os segmentos; Servi\u00e7os, Programas e Projetos; e Benef\u00edcio e Transfer\u00eancia de Renda. Os debates ser\u00e3o organizados em grupos de trabalho, nos quais os participantes (delegados) poder\u00e3o apresentar propostas e sugest\u00f5es para melhorar a Pol\u00edtica de Assist\u00eancia Social em \u00e2mbito federal.<\/p>\n\n\n\n<p>\u201cA realiza\u00e7\u00e3o de uma Confer\u00eancia \u00e9 parte de um processo amplo de di\u00e1logo e democratiza\u00e7\u00e3o da gest\u00e3o p\u00fablica. Por esta raz\u00e3o, a participa\u00e7\u00e3o popular e, principalmente, a presen\u00e7a dos usu\u00e1rios \u00e9 fundamental. Com essa participa\u00e7\u00e3o in\u00e9dita na Confer\u00eancia Nacional, teremos mais voz para a proposi\u00e7\u00e3o de novas diretrizes para a pol\u00edtica de assist\u00eancia social\u201d, disse a gestora da UGADS, Maria Brant.<\/p>\n\n\n\n<p><strong>Representantes eleitos<br>Poder p\u00fablico<br>Titulares:<\/strong><br>Bruno Moralles Vechiatto \u2013 Jundia\u00ed,<br>Aline Rodrigues de Jesus \u2013 Louveira e<br>Orlanda Maria Tessaro \u2013 Campo Limpo Paulista<br><strong>Suplentes:<br><\/strong>Luiz Guilherme Fuschini Camargo \u2013 Jundia\u00ed,<br>Juliana Moreira Jacomo \u2013 Campo Limpo Paulista e<br>Kelly Aparecida Torres \u2013 Jundia\u00ed<\/p>\n\n\n\n<p><strong>Sociedade Civil:<br><\/strong>Trabalhadores SUAS<br>Titular: Vit\u00f3ria Regina Marques dos Santos \u2013 Jarinu<\/p>\n\n\n\n<p><strong>Representantes OSC<br><\/strong>Titular: Luzia Marques dos Santos Cecato \u2013 Louveira<br>Suplente: Reinaldo Fernandes \u2013 Jundia\u00ed<\/p>\n\n\n\n<p><strong>Usu\u00e1rios<br><\/strong>Titular: Jefferson Diego Espini \u2013 Jundia\u00ed<br>Suplente: Maria Alice Macedo Nunes \u2013 Campo Limpo Paulista<\/p>\n\n\n\n<p><em>Fonte: Prefeitura de Jundia\u00ed<\/em><\/p>\n","protected":false},"excerpt":{"rendered":"<p>A participa\u00e7\u00e3o de representantes de Jundia\u00ed e da Regi\u00e3o \u00e9 um fato in\u00e9dito desde a cria\u00e7\u00e3o das confer\u00eancias de assist\u00eancia social, em 1995<\/p>\n","protected":false},"author":24,"featured_media":116957,"comment_status":"closed","ping_status":"0","sticky":false,"template":"","format":"standard","meta":{"footnotes":""},"categories":[8392,8419,8356],"tags":[],"class_list":["post-116956","post","type-post","status-publish","format-standard","has-post-thumbnail","hentry","category-assistencia-social","category-direitos-humanos","category-jundiai"],"_links":{"self":[{"href":"https:\/\/tvtecjundiai.com.br\/news\/wp-json\/wp\/v2\/posts\/116956","targetHints":{"allow":["GET"]}}],"collection":[{"href":"https:\/\/tvtecjundiai.com.br\/news\/wp-json\/wp\/v2\/posts"}],"about":[{"href":"https:\/\/tvtecjundiai.com.br\/news\/wp-json\/wp\/v2\/types\/post"}],"author":[{"embeddable":true,"href":"https:\/\/tvtecjundiai.com.br\/news\/wp-json\/wp\/v2\/users\/24"}],"replies":[{"embeddable":true,"href":"https:\/\/tvtecjundiai.com.br\/news\/wp-json\/wp\/v2\/comments?post=116956"}],"version-history":[{"count":1,"href":"https:\/\/tvtecjundiai.com.br\/news\/wp-json\/wp\/v2\/posts\/116956\/revisions"}],"predecessor-version":[{"id":116958,"href":"https:\/\/tvtecjundiai.com.br\/news\/wp-json\/wp\/v2\/posts\/116956\/revisions\/116958"}],"wp:featuredmedia":[{"embeddable":true,"href":"https:\/\/tvtecjundiai.com.br\/news\/wp-json\/wp\/v2\/media\/116957"}],"wp:attachment":[{"href":"https:\/\/tvtecjundiai.com.br\/news\/wp-json\/wp\/v2\/media?parent=116956"}],"wp:term":[{"taxonomy":"category","embeddable":true,"href":"https:\/\/tvtecjundiai.com.br\/news\/wp-json\/wp\/v2\/categories?post=116956"},{"taxonomy":"post_tag","embeddable":true,"href":"https:\/\/tvtecjundiai.com.br\/news\/wp-json\/wp\/v2\/tags?post=116956"}],"curies":[{"name":"wp","href":"https:\/\/api.w.org\/{rel}","templated":true}]}}