{"id":116972,"date":"2023-11-12T20:08:50","date_gmt":"2023-11-12T23:08:50","guid":{"rendered":"https:\/\/tvtecjundiai.com.br\/news\/?p=116972"},"modified":"2023-11-12T20:08:53","modified_gmt":"2023-11-12T23:08:53","slug":"diversao-saude-e-pratica-esportiva-marcam-a-3a-edicao-do-mobilidade-saudavel-e-lazer","status":"publish","type":"post","link":"https:\/\/tvtecjundiai.com.br\/news\/2023\/11\/12\/diversao-saude-e-pratica-esportiva-marcam-a-3a-edicao-do-mobilidade-saudavel-e-lazer\/","title":{"rendered":"Divers\u00e3o, sa\u00fade e pr\u00e1tica esportiva marcam a 3\u00aa edi\u00e7\u00e3o do Mobilidade Saud\u00e1vel e Lazer"},"content":{"rendered":"\n<p>Uma das mais tradicionais e movimentadas avenidas da cidade foi ocupada por fam\u00edlias para momentos de lazer e pr\u00e1tica esportiva. Na manh\u00e3 deste domingo (12), a avenida Nove de Julho recebeu a 3\u00aa edi\u00e7\u00e3o do Programa Mobilidade Saud\u00e1vel e Lazer \u2013 uma parceria entre as Unidades de Gest\u00e3o de Mobilidade e Transporte (UGMT) e Esporte e Lazer (UGEL). Os ve\u00edculos deram lugar aos patins, patinetes, bicicletas, skates e pessoas a p\u00e9.<\/p>\n\n\n\n<p>A aut\u00f4noma Rog\u00e9lia Toledo, de 49 anos, esteve acompanha da filha Helo\u00edsa Toledo, de 10 anos, para andar de patins. Ela conta que h\u00e1 dois anos a filha teve o interesse em iniciar a pr\u00e1tica que hoje se tornou uma paix\u00e3o. \u201cSempre andamos de patins juntas e a iniciativa da Prefeitura de fechar a avenida \u00e9 \u00f3tima, pois d\u00e1 mais uma op\u00e7\u00e3o para a pr\u00e1tica esportiva e importantes momentos de socializa\u00e7\u00e3o\u201d, avalia Rog\u00e9lia. \u201cGosto muito de estar com a minha m\u00e3e e o meu lugar preferido para andar de patins \u00e9 mesmo na rua\u201d, completou Helo\u00edsa, entre uma manobra e outra.<\/p>\n\n\n\n<figure class=\"wp-block-image is-resized\"><img decoding=\"async\" src=\"https:\/\/jundiai.sp.gov.br\/noticias\/wp-content\/uploads\/sites\/32\/2023\/11\/3-edicao-mobilidade-saudavel-e-lazer-na-avenida-nove-de-julho_fm_-17-640x960.jpg\" alt=\"\" class=\"wp-image-331381\" style=\"width:841px;height:auto\" \/><figcaption class=\"wp-element-caption\">Rog\u00e9lia e a filha Helo\u00edsa<\/figcaption><\/figure>\n\n\n\n<p>O advogado Jos\u00e9 Gaspar, de 52 anos, levou as filhas g\u00eameas Maria e Ant\u00f4nia, de quatro anos, para andar de bicicleta. \u201cPedalo h\u00e1 muitos anos e estou incentivando-as a fazerem o mesmo. \u00c9 muito gostoso quando a Nove de Julho est\u00e1 fechada para a pr\u00e1tica esportiva. Hoje as pessoas quase n\u00e3o saem de casa e essa iniciativa estimula a popula\u00e7\u00e3o a aproveitar a vida ao ar livre\u201d, comenta.<\/p>\n\n\n\n<p>A atividade aconteceu das 7h \u00e0s 13h, com a interdi\u00e7\u00e3o da Avenida Nove de Julho, entre a Rua Eduardo Tomanik e a Rua S\u00e3o L\u00e1zaro, sentido Pa\u00e7o Municipal. Durante toda a manh\u00e3, os agentes de tr\u00e2nsito estiveram no local para orienta\u00e7\u00e3o. \u201cO programa refor\u00e7a uma das diretrizes do governo do Prefeito Luiz Fernando Machado, que \u00e9 fomentar a ocupa\u00e7\u00e3o dos espa\u00e7os p\u00fablicos por parte da popula\u00e7\u00e3o, com a\u00e7\u00f5es que promovam a conviv\u00eancia e a qualidade de vida. Para isso, tamb\u00e9m temos realizado uma s\u00e9rie de investimentos em parques e pra\u00e7as que trazem o conceito fam\u00edlia e pet\u201d, comenta o Gestor de Governo e Finan\u00e7as, Jos\u00e9 Antonio Parimoschi.<\/p>\n\n\n\n<figure class=\"wp-block-image\"><img decoding=\"async\" src=\"https:\/\/jundiai.sp.gov.br\/noticias\/wp-content\/uploads\/sites\/32\/2023\/11\/3-edicao-mobilidade-saudavel-e-lazer-na-avenida-nove-de-julho_fm_-84-1280x854.jpg\" alt=\"\" class=\"wp-image-331383\" \/><figcaption class=\"wp-element-caption\">Gestores municipais compareceram a mais um domingo de Mobilidade Saud\u00e1vel e Lazer<\/figcaption><\/figure>\n\n\n\n<p>\u201cA atividade tem como objetivo proporcionar o esporte, o lazer, e a sa\u00fade do cidad\u00e3o e das fam\u00edlias. Essa receita tem sido um sucesso e o programa Mobilidade Saud\u00e1vel e Lazer caiu no gosto da popula\u00e7\u00e3o\u201d, diz o gestor de Esportes e Lazer, Lu\u00eds Cl\u00e1udio Tarallo.<\/p>\n\n\n\n<figure class=\"wp-block-image\"><img decoding=\"async\" src=\"https:\/\/jundiai.sp.gov.br\/noticias\/wp-content\/uploads\/sites\/32\/2023\/11\/3-edicao-mobilidade-saudavel-e-lazer-na-avenida-nove-de-julho_fm_-209-1280x854.jpg\" alt=\"\" class=\"wp-image-331388\" \/><figcaption class=\"wp-element-caption\">Fam\u00edlias andaram de bicicleta\u2026<\/figcaption><\/figure>\n\n\n\n<p>Segundo o Gestor de Mobilidade e Transporte, Aloysio Queiroz, s\u00e3o feitas muitas solicita\u00e7\u00f5es semanalmente para que a avenida Nove de Julho seja palco do programa. \u201cPara o pr\u00f3ximo ano ainda pretendemos descentralizar e levar o Mobilidade Saud\u00e1vel e Lazer para os bairros da cidade, com elementos que respeitem a caracter\u00edstica de cada local. Dessa forma, mais pessoas poder\u00e3o usufruir de momentos e ter mais qualidade de vida\u201d, ressalta.<\/p>\n\n\n\n<figure class=\"wp-block-image\"><img decoding=\"async\" src=\"https:\/\/jundiai.sp.gov.br\/noticias\/wp-content\/uploads\/sites\/32\/2023\/11\/3-edicao-mobilidade-saudavel-e-lazer-na-avenida-nove-de-julho_fm_-240-1280x854.jpg\" alt=\"\" class=\"wp-image-331385\" \/><figcaption class=\"wp-element-caption\">Local reuniu crian\u00e7as\u2026<\/figcaption><\/figure>\n\n\n\n<p><em>Fonte: Prefeitura de Jundia\u00ed<\/em><\/p>\n","protected":false},"excerpt":{"rendered":"<p>A finalidade \u00e9 fomentar a ocupa\u00e7\u00e3o dos espa\u00e7os p\u00fablicos por parte da popula\u00e7\u00e3o, com a\u00e7\u00f5es que promovam a conviv\u00eancia e a qualidade de vida<\/p>\n","protected":false},"author":24,"featured_media":116973,"comment_status":"closed","ping_status":"0","sticky":false,"template":"","format":"standard","meta":{"footnotes":""},"categories":[2827,8356,8354],"tags":[],"class_list":["post-116972","post","type-post","status-publish","format-standard","has-post-thumbnail","hentry","category-esportes-e-lazer","category-jundiai","category-lazer"],"_links":{"self":[{"href":"https:\/\/tvtecjundiai.com.br\/news\/wp-json\/wp\/v2\/posts\/116972","targetHints":{"allow":["GET"]}}],"collection":[{"href":"https:\/\/tvtecjundiai.com.br\/news\/wp-json\/wp\/v2\/posts"}],"about":[{"href":"https:\/\/tvtecjundiai.com.br\/news\/wp-json\/wp\/v2\/types\/post"}],"author":[{"embeddable":true,"href":"https:\/\/tvtecjundiai.com.br\/news\/wp-json\/wp\/v2\/users\/24"}],"replies":[{"embeddable":true,"href":"https:\/\/tvtecjundiai.com.br\/news\/wp-json\/wp\/v2\/comments?post=116972"}],"version-history":[{"count":1,"href":"https:\/\/tvtecjundiai.com.br\/news\/wp-json\/wp\/v2\/posts\/116972\/revisions"}],"predecessor-version":[{"id":116974,"href":"https:\/\/tvtecjundiai.com.br\/news\/wp-json\/wp\/v2\/posts\/116972\/revisions\/116974"}],"wp:featuredmedia":[{"embeddable":true,"href":"https:\/\/tvtecjundiai.com.br\/news\/wp-json\/wp\/v2\/media\/116973"}],"wp:attachment":[{"href":"https:\/\/tvtecjundiai.com.br\/news\/wp-json\/wp\/v2\/media?parent=116972"}],"wp:term":[{"taxonomy":"category","embeddable":true,"href":"https:\/\/tvtecjundiai.com.br\/news\/wp-json\/wp\/v2\/categories?post=116972"},{"taxonomy":"post_tag","embeddable":true,"href":"https:\/\/tvtecjundiai.com.br\/news\/wp-json\/wp\/v2\/tags?post=116972"}],"curies":[{"name":"wp","href":"https:\/\/api.w.org\/{rel}","templated":true}]}}