{"id":116978,"date":"2023-11-13T10:15:36","date_gmt":"2023-11-13T13:15:36","guid":{"rendered":"https:\/\/tvtecjundiai.com.br\/news\/?p=116978"},"modified":"2023-11-13T10:15:38","modified_gmt":"2023-11-13T13:15:38","slug":"semana-sera-quente-em-jundiai-com-maximas-de-37-graus","status":"publish","type":"post","link":"https:\/\/tvtecjundiai.com.br\/news\/2023\/11\/13\/semana-sera-quente-em-jundiai-com-maximas-de-37-graus\/","title":{"rendered":"Semana ser\u00e1 quente em Jundia\u00ed, com m\u00e1ximas de 37\u00b0 graus"},"content":{"rendered":"\n<p>A onda de calor que chegou ao Brasil no fim de semana segue elevando as temperaturas, nos pr\u00f3ximos dias as m\u00e1ximas variam entre 35\u00b0e 37\u00b0. <\/p>\n\n\n\n<figure class=\"wp-block-image size-full\"><img loading=\"lazy\" decoding=\"async\" width=\"1024\" height=\"768\" src=\"https:\/\/tvtecjundiai.com.br\/news\/wp-content\/uploads\/sites\/2\/2023\/11\/WhatsApp-Image-2023-11-13-at-10.14.05.jpeg\" alt=\"\" class=\"wp-image-116985\" srcset=\"https:\/\/tvtecjundiai.com.br\/news\/wp-content\/uploads\/sites\/2\/2023\/11\/WhatsApp-Image-2023-11-13-at-10.14.05.jpeg 1024w, https:\/\/tvtecjundiai.com.br\/news\/wp-content\/uploads\/sites\/2\/2023\/11\/WhatsApp-Image-2023-11-13-at-10.14.05-300x225.jpeg 300w, https:\/\/tvtecjundiai.com.br\/news\/wp-content\/uploads\/sites\/2\/2023\/11\/WhatsApp-Image-2023-11-13-at-10.14.05-768x576.jpeg 768w\" sizes=\"auto, (max-width: 1024px) 100vw, 1024px\" \/><\/figure>\n\n\n\n<p><strong>Segunda-feira (13)<\/strong>, a semana come\u00e7a ensolarada, com m\u00ednima de 21\u00b0e m\u00e1xima de 37\u00b0. H\u00e1 previs\u00e3o de pancadas de chuva \u00e0 noite.<\/p>\n\n\n\n<p><strong>Ter\u00e7a-feira (14)<\/strong>, sol e bastante nuvens pela manh\u00e3 com m\u00e1xima de 36\u00b0e m\u00ednima de 23\u00b0; Pode ocorrer pancadas de chuva \u00e0 tarde e \u00e0 noite. <\/p>\n\n\n\n<p><strong>Quarta-feira (15), <\/strong>o feriado segue com as temperaturas altas, com m\u00e1xima de 36\u00b0e m\u00ednima de 21\u00b0; Pode ocorrer pancadas de chuva \u00e0 tarde e \u00e0 noite. <\/p>\n\n\n\n<p><strong>Quinta-feira (16),<\/strong> o dia ser\u00e1 ensolarado, a m\u00ednima chega aos 22\u00b0, com m\u00e1xima de 37\u00b0. N\u00e3o tem previs\u00e3o de chuva.<\/p>\n\n\n\n<p><strong>Sexta-feira (17), <\/strong>a sexta come\u00e7a com bastante sol, com as temperaturas chegando aos 35\u00b0 e a m\u00ednima de 22\u00b0; Pode chover \u00e0 tarde e \u00e0 noite. <\/p>\n\n\n\n<p><strong>Fonte\/Imagem: <\/strong>TVTEC<\/p>\n","protected":false},"excerpt":{"rendered":"<p>Nos pr\u00f3ximos dias as m\u00e1ximas variam entre 35\u00b0e 37\u00b0 graus. <\/p>\n","protected":false},"author":24,"featured_media":116985,"comment_status":"closed","ping_status":"0","sticky":false,"template":"","format":"standard","meta":{"footnotes":""},"categories":[1,8415],"tags":[5,556,2921],"class_list":["post-116978","post","type-post","status-publish","format-standard","has-post-thumbnail","hentry","category-noticias","category-previsao-do-tempo","tag-jundiai","tag-noticias","tag-previsao-do-tempo"],"_links":{"self":[{"href":"https:\/\/tvtecjundiai.com.br\/news\/wp-json\/wp\/v2\/posts\/116978","targetHints":{"allow":["GET"]}}],"collection":[{"href":"https:\/\/tvtecjundiai.com.br\/news\/wp-json\/wp\/v2\/posts"}],"about":[{"href":"https:\/\/tvtecjundiai.com.br\/news\/wp-json\/wp\/v2\/types\/post"}],"author":[{"embeddable":true,"href":"https:\/\/tvtecjundiai.com.br\/news\/wp-json\/wp\/v2\/users\/24"}],"replies":[{"embeddable":true,"href":"https:\/\/tvtecjundiai.com.br\/news\/wp-json\/wp\/v2\/comments?post=116978"}],"version-history":[{"count":3,"href":"https:\/\/tvtecjundiai.com.br\/news\/wp-json\/wp\/v2\/posts\/116978\/revisions"}],"predecessor-version":[{"id":116986,"href":"https:\/\/tvtecjundiai.com.br\/news\/wp-json\/wp\/v2\/posts\/116978\/revisions\/116986"}],"wp:featuredmedia":[{"embeddable":true,"href":"https:\/\/tvtecjundiai.com.br\/news\/wp-json\/wp\/v2\/media\/116985"}],"wp:attachment":[{"href":"https:\/\/tvtecjundiai.com.br\/news\/wp-json\/wp\/v2\/media?parent=116978"}],"wp:term":[{"taxonomy":"category","embeddable":true,"href":"https:\/\/tvtecjundiai.com.br\/news\/wp-json\/wp\/v2\/categories?post=116978"},{"taxonomy":"post_tag","embeddable":true,"href":"https:\/\/tvtecjundiai.com.br\/news\/wp-json\/wp\/v2\/tags?post=116978"}],"curies":[{"name":"wp","href":"https:\/\/api.w.org\/{rel}","templated":true}]}}