{"id":117002,"date":"2023-11-13T15:44:55","date_gmt":"2023-11-13T18:44:55","guid":{"rendered":"https:\/\/tvtecjundiai.com.br\/news\/?p=117002"},"modified":"2023-11-13T15:44:59","modified_gmt":"2023-11-13T18:44:59","slug":"altas-temperaturas-permanecem-em-jundiai-ate-quinta-feira-16","status":"publish","type":"post","link":"https:\/\/tvtecjundiai.com.br\/news\/2023\/11\/13\/altas-temperaturas-permanecem-em-jundiai-ate-quinta-feira-16\/","title":{"rendered":"Altas temperaturas permanecem em Jundia\u00ed at\u00e9 quinta-feira (16)"},"content":{"rendered":"\n<p>O forte calor seguir\u00e1 em Jundia\u00ed nos pr\u00f3ximos dias. A Defesa civil do Estado de S\u00e3o Paulo informa que, entre ter\u00e7a (14) e quinta-feira (16), o predom\u00ednio de uma massa de ar quente na regi\u00e3o manter\u00e1 as temperaturas elevadas. A previs\u00e3o \u00e9 que as m\u00e1ximas atinjam a casa dos 38\u00b0C, com sensa\u00e7\u00e3o t\u00e9rmica de 40\u00b0C.<\/p>\n\n\n\n<p>Com a condi\u00e7\u00e3o, a orienta\u00e7\u00e3o \u00e9 que as pessoas se protejam do sol e evitem a pr\u00e1tica de exerc\u00edcios f\u00edsicos ao ar livre nos per\u00edodos mais quentes dos dias. Outro ponto fundamental \u00e9 manter a hidrata\u00e7\u00e3o constante.<\/p>\n\n\n\n<p>\u201cVale ressaltar que a previs\u00e3o tamb\u00e9m aponta para baixos \u00edndices de umidade relativa do ar. Essa combina\u00e7\u00e3o facilita a possibilidade de inc\u00eandios, principalmente nas matas. Importante dizer que colocar fogo na vegeta\u00e7\u00e3o \u00e9 crime ambiental\u201d, comenta o Coordenador da Defesa Civil, Coronel Jo\u00e3o Os\u00f3rio Gimenez Germano.<\/p>\n\n\n\n<figure class=\"wp-block-image\"><img decoding=\"async\" src=\"https:\/\/jundiai.sp.gov.br\/noticias\/wp-content\/uploads\/sites\/32\/2015\/09\/sol_P6G-720x466.jpg\" alt=\"\" class=\"wp-image-155330\" \/><figcaption class=\"wp-element-caption\">Jundia\u00ed ter\u00e1 semana de calor intenso e baixa umidade relativa do ar<\/figcaption><\/figure>\n\n\n\n<p><strong>Fonte\/Imagem:<\/strong> Prefeitura de Jundia\u00ed <\/p>\n","protected":false},"excerpt":{"rendered":"<p>A Defesa civil do Estado de S\u00e3o Paulo informa que, entre ter\u00e7a (14) e quinta-feira (16), a previs\u00e3o \u00e9 que as m\u00e1ximas atinjam a casa dos 38\u00b0C, com sensa\u00e7\u00e3o t\u00e9rmica de 40\u00b0C.<\/p>\n","protected":false},"author":24,"featured_media":117003,"comment_status":"closed","ping_status":"0","sticky":false,"template":"","format":"standard","meta":{"footnotes":""},"categories":[1],"tags":[5,556,6],"class_list":["post-117002","post","type-post","status-publish","format-standard","has-post-thumbnail","hentry","category-noticias","tag-jundiai","tag-noticias","tag-saude"],"_links":{"self":[{"href":"https:\/\/tvtecjundiai.com.br\/news\/wp-json\/wp\/v2\/posts\/117002","targetHints":{"allow":["GET"]}}],"collection":[{"href":"https:\/\/tvtecjundiai.com.br\/news\/wp-json\/wp\/v2\/posts"}],"about":[{"href":"https:\/\/tvtecjundiai.com.br\/news\/wp-json\/wp\/v2\/types\/post"}],"author":[{"embeddable":true,"href":"https:\/\/tvtecjundiai.com.br\/news\/wp-json\/wp\/v2\/users\/24"}],"replies":[{"embeddable":true,"href":"https:\/\/tvtecjundiai.com.br\/news\/wp-json\/wp\/v2\/comments?post=117002"}],"version-history":[{"count":1,"href":"https:\/\/tvtecjundiai.com.br\/news\/wp-json\/wp\/v2\/posts\/117002\/revisions"}],"predecessor-version":[{"id":117004,"href":"https:\/\/tvtecjundiai.com.br\/news\/wp-json\/wp\/v2\/posts\/117002\/revisions\/117004"}],"wp:featuredmedia":[{"embeddable":true,"href":"https:\/\/tvtecjundiai.com.br\/news\/wp-json\/wp\/v2\/media\/117003"}],"wp:attachment":[{"href":"https:\/\/tvtecjundiai.com.br\/news\/wp-json\/wp\/v2\/media?parent=117002"}],"wp:term":[{"taxonomy":"category","embeddable":true,"href":"https:\/\/tvtecjundiai.com.br\/news\/wp-json\/wp\/v2\/categories?post=117002"},{"taxonomy":"post_tag","embeddable":true,"href":"https:\/\/tvtecjundiai.com.br\/news\/wp-json\/wp\/v2\/tags?post=117002"}],"curies":[{"name":"wp","href":"https:\/\/api.w.org\/{rel}","templated":true}]}}