{"id":117161,"date":"2023-11-18T12:07:14","date_gmt":"2023-11-18T15:07:14","guid":{"rendered":"https:\/\/tvtecjundiai.com.br\/news\/?p=117161"},"modified":"2023-11-18T12:07:18","modified_gmt":"2023-11-18T15:07:18","slug":"defesa-civil-do-estado-mantem-alertas-para-ventos-chuva-e-granizo-ate-domingo-19","status":"publish","type":"post","link":"https:\/\/tvtecjundiai.com.br\/news\/2023\/11\/18\/defesa-civil-do-estado-mantem-alertas-para-ventos-chuva-e-granizo-ate-domingo-19\/","title":{"rendered":"Defesa Civil do Estado mant\u00e9m alertas para ventos, chuva e granizo at\u00e9 domingo (19)"},"content":{"rendered":"\n<p>A Defesa Civil do Estado de S\u00e3o Paulo, na manh\u00e3 deste s\u00e1bado (18), refor\u00e7ou o alerta para riscos de chuvas de granizo e ventos fortes \u2013 de 60 a 80 km\/h em algumas regi\u00f5es do Estado, podendo alcan\u00e7ar at\u00e9 100 km\/h durante a chuva.<\/p>\n\n\n\n<p>Nas \u00faltimas chuvas e ventos severos, registrados no dia 3 de novembro, a Capital sofreu com o desabastecimento de energia, juntamente com outras cidades. Jundia\u00ed, apesar de registrar quedas de galhos e \u00e1rvores sobre a rede el\u00e9trica, n\u00e3o passou por forte desabastecimento.<\/p>\n\n\n\n<p>\u201cJundia\u00ed \u00e9 uma cidade resiliente. Todos os preparativos para o per\u00edodo das chuvas foram feitos, como desassoreamento de rios, limpeza de canaliza\u00e7\u00f5es e bocas de lobo, podas de \u00e1rvores e at\u00e9 a adequa\u00e7\u00e3o de eventos, seguindo os alertas estaduais. As equipes da Defesa Civil est\u00e3o de prontid\u00e3o e preparadas. Trata-se de previs\u00e3o, e, existe a possibilidade de n\u00e3o sofrermos tanto impacto, mas temos de estar preparados para esses alertas, uma vez que teremos chuvas e vento entre a tarde de s\u00e1bado e domingo\u201d, comenta o coordenador da Defesa Civil de Jundia\u00ed, coronel Jo\u00e3o Os\u00f3rio Gimenez Germano.<\/p>\n\n\n\n<figure class=\"wp-block-image\"><img decoding=\"async\" src=\"https:\/\/jundiai.sp.gov.br\/noticias\/wp-content\/uploads\/sites\/32\/2021\/10\/chuva_jundiai-5.jpg\" alt=\"\" class=\"wp-image-277616\" \/><figcaption class=\"wp-element-caption\">Defesa Civil do Estado mant\u00e9m alerta de chuvas e ventos fortes<\/figcaption><\/figure>\n\n\n\n<p>Na tarde de sexta-feira (17), em reuni\u00e3o dos coordenadores regionais da Defesa Civil do Estado com o governador do Estado, Tarc\u00edsio de Freitas, no Pal\u00e1cio dos Bandeirantes, foram apresentadas as a\u00e7\u00f5es e as medidas mitigadoras dos riscos de desabastecimento de energia pelas concession\u00e1rias. \u201cDesde 2017, no in\u00edcio do governo do prefeito Luiz Fernando Machado, foi estabelecida a For\u00e7a Tarefa, integrada por todas as Unidades de Gest\u00e3o e representantes das concession\u00e1rias de servi\u00e7os p\u00fablicos, que atuam tanto na Opera\u00e7\u00e3o Estiagem quanto na Opera\u00e7\u00e3o Ver\u00e3o, al\u00e9m de outras situa\u00e7\u00f5es de emerg\u00eancia. Todos os trabalhos preventivos foram realizados\u201d, refor\u00e7a.<\/p>\n\n\n\n<p><strong>Ligue 199<br><\/strong>Havendo necessidade, a popula\u00e7\u00e3o pode contatar a Defesa Civil pelo n\u00famero 4586-0666 ou o 199. Para obter mais orienta\u00e7\u00f5es sobre o que fazer antes, durante e depois ao per\u00edodo de chuvas intensas e, tamb\u00e9m, os demais tipos de desastres, est\u00e1 dispon\u00edvel o aplicativo \u201cAlerta SP\u201d, dispon\u00edvel para download nos sistemas Android e IOS. Alertas de risco tamb\u00e9m s\u00e3o enviados por SMS: para se cadastrar, basta enviar uma mensagem com o CEP da localidade desejada para o n\u00famero 40199.<\/p>\n\n\n\n<p><em>Fonte: Prefeitura de Jundia\u00ed<\/em><\/p>\n","protected":false},"excerpt":{"rendered":"<p>Pode ocorrer queda de granizo e ventos fortes em algumas regi\u00f5es do Estado, podendo alcan\u00e7ar at\u00e9 100 km\/h durante a chuva<\/p>\n","protected":false},"author":24,"featured_media":117162,"comment_status":"closed","ping_status":"0","sticky":false,"template":"","format":"standard","meta":{"footnotes":""},"categories":[8356,8415],"tags":[],"class_list":["post-117161","post","type-post","status-publish","format-standard","has-post-thumbnail","hentry","category-jundiai","category-previsao-do-tempo"],"_links":{"self":[{"href":"https:\/\/tvtecjundiai.com.br\/news\/wp-json\/wp\/v2\/posts\/117161","targetHints":{"allow":["GET"]}}],"collection":[{"href":"https:\/\/tvtecjundiai.com.br\/news\/wp-json\/wp\/v2\/posts"}],"about":[{"href":"https:\/\/tvtecjundiai.com.br\/news\/wp-json\/wp\/v2\/types\/post"}],"author":[{"embeddable":true,"href":"https:\/\/tvtecjundiai.com.br\/news\/wp-json\/wp\/v2\/users\/24"}],"replies":[{"embeddable":true,"href":"https:\/\/tvtecjundiai.com.br\/news\/wp-json\/wp\/v2\/comments?post=117161"}],"version-history":[{"count":1,"href":"https:\/\/tvtecjundiai.com.br\/news\/wp-json\/wp\/v2\/posts\/117161\/revisions"}],"predecessor-version":[{"id":117163,"href":"https:\/\/tvtecjundiai.com.br\/news\/wp-json\/wp\/v2\/posts\/117161\/revisions\/117163"}],"wp:featuredmedia":[{"embeddable":true,"href":"https:\/\/tvtecjundiai.com.br\/news\/wp-json\/wp\/v2\/media\/117162"}],"wp:attachment":[{"href":"https:\/\/tvtecjundiai.com.br\/news\/wp-json\/wp\/v2\/media?parent=117161"}],"wp:term":[{"taxonomy":"category","embeddable":true,"href":"https:\/\/tvtecjundiai.com.br\/news\/wp-json\/wp\/v2\/categories?post=117161"},{"taxonomy":"post_tag","embeddable":true,"href":"https:\/\/tvtecjundiai.com.br\/news\/wp-json\/wp\/v2\/tags?post=117161"}],"curies":[{"name":"wp","href":"https:\/\/api.w.org\/{rel}","templated":true}]}}