{"id":117213,"date":"2023-11-21T09:35:33","date_gmt":"2023-11-21T12:35:33","guid":{"rendered":"https:\/\/tvtecjundiai.com.br\/news\/?p=117213"},"modified":"2023-11-21T09:56:17","modified_gmt":"2023-11-21T12:56:17","slug":"semana-em-jundiai-sera-de-sol-e-chuva-com-maxima-de-32-graus","status":"publish","type":"post","link":"https:\/\/tvtecjundiai.com.br\/news\/2023\/11\/21\/semana-em-jundiai-sera-de-sol-e-chuva-com-maxima-de-32-graus\/","title":{"rendered":"Semana em Jundia\u00ed ser\u00e1 de sol e chuva, com m\u00e1xima de 32\u00b0 graus"},"content":{"rendered":"\n<p>O p\u00f3s feriado segue mais amenos do que os \u00faltimos dias, segundo o site do Climatempo, a semana ser\u00e1 quente, com a m\u00e1xima variando entre 26\u00b0 e 32\u00b0 graus. <\/p>\n\n\n\n<figure class=\"wp-block-image size-large\"><img loading=\"lazy\" decoding=\"async\" width=\"1200\" height=\"675\" src=\"https:\/\/tvtecjundiai.com.br\/news\/wp-content\/uploads\/sites\/2\/2023\/11\/MATERIA-NO-FACEBOOK-2-1200x675.png\" alt=\"\" class=\"wp-image-117214\" srcset=\"https:\/\/tvtecjundiai.com.br\/news\/wp-content\/uploads\/sites\/2\/2023\/11\/MATERIA-NO-FACEBOOK-2-1200x675.png 1200w, https:\/\/tvtecjundiai.com.br\/news\/wp-content\/uploads\/sites\/2\/2023\/11\/MATERIA-NO-FACEBOOK-2-300x169.png 300w, https:\/\/tvtecjundiai.com.br\/news\/wp-content\/uploads\/sites\/2\/2023\/11\/MATERIA-NO-FACEBOOK-2-768x432.png 768w, https:\/\/tvtecjundiai.com.br\/news\/wp-content\/uploads\/sites\/2\/2023\/11\/MATERIA-NO-FACEBOOK-2.png 1280w\" sizes=\"auto, (max-width: 1200px) 100vw, 1200px\" \/><\/figure>\n\n\n\n<p><strong>Ter\u00e7a-feira (21),<\/strong> o dia come\u00e7a ensolarado, com bastante nuvens e previs\u00e3o de chuva \u00e0 tarde e \u00e0 noite. A m\u00e1xima \u00e9 de 30\u00b0 com m\u00ednima de 19\u00b0. <\/p>\n\n\n\n<p><strong>Quarta-feira (22),<\/strong> com a m\u00e1xima podendo chegar aos 32\u00b0, e a m\u00ednima aos 20\u00b0, o meio da semana segue ensolarado e com previs\u00e3o de pancadas de chuva \u00e0 tarde e \u00e0 noite. <\/p>\n\n\n\n<p><strong>Quinta-feira (23),<\/strong> o sol aparece com muitas nuvens, com a temperatura podendo variar entre os 20\u00b0e 31\u00b0 graus, al\u00e9m de possibilidades de pancadas de chuva \u00e0 tarde e \u00e0 noite. <\/p>\n\n\n\n<p><strong>Sexta-feira (24),<\/strong> o \u00faltimo dia da semana ser\u00e1 mais ameno, com temperaturas variando entre os 17\u00b0e 26\u00b0 graus, com previs\u00e3o de pancadas de chuva a qualquer hora do dia. <\/p>\n\n\n\n<p>Lembrando que as previs\u00f5es podem sofrer altera\u00e7\u00f5es, ent\u00e3o \u00e9 sempre bom ficar de olho nas atualiza\u00e7\u00f5es ao longo da semana.<\/p>\n\n\n\n<p><strong>Fonte<\/strong>\/ <strong>Imagem: <\/strong>TVTEC<\/p>\n","protected":false},"excerpt":{"rendered":"<p>A semana ser\u00e1 quente, com as m\u00e1ximas variando entre os 26\u00b0 e 32\u00b0 graus. <\/p>\n","protected":false},"author":24,"featured_media":117215,"comment_status":"closed","ping_status":"0","sticky":false,"template":"","format":"standard","meta":{"footnotes":""},"categories":[29,1],"tags":[5,556,2921],"class_list":["post-117213","post","type-post","status-publish","format-standard","has-post-thumbnail","hentry","category-destaque","category-noticias","tag-jundiai","tag-noticias","tag-previsao-do-tempo"],"_links":{"self":[{"href":"https:\/\/tvtecjundiai.com.br\/news\/wp-json\/wp\/v2\/posts\/117213","targetHints":{"allow":["GET"]}}],"collection":[{"href":"https:\/\/tvtecjundiai.com.br\/news\/wp-json\/wp\/v2\/posts"}],"about":[{"href":"https:\/\/tvtecjundiai.com.br\/news\/wp-json\/wp\/v2\/types\/post"}],"author":[{"embeddable":true,"href":"https:\/\/tvtecjundiai.com.br\/news\/wp-json\/wp\/v2\/users\/24"}],"replies":[{"embeddable":true,"href":"https:\/\/tvtecjundiai.com.br\/news\/wp-json\/wp\/v2\/comments?post=117213"}],"version-history":[{"count":2,"href":"https:\/\/tvtecjundiai.com.br\/news\/wp-json\/wp\/v2\/posts\/117213\/revisions"}],"predecessor-version":[{"id":117217,"href":"https:\/\/tvtecjundiai.com.br\/news\/wp-json\/wp\/v2\/posts\/117213\/revisions\/117217"}],"wp:featuredmedia":[{"embeddable":true,"href":"https:\/\/tvtecjundiai.com.br\/news\/wp-json\/wp\/v2\/media\/117215"}],"wp:attachment":[{"href":"https:\/\/tvtecjundiai.com.br\/news\/wp-json\/wp\/v2\/media?parent=117213"}],"wp:term":[{"taxonomy":"category","embeddable":true,"href":"https:\/\/tvtecjundiai.com.br\/news\/wp-json\/wp\/v2\/categories?post=117213"},{"taxonomy":"post_tag","embeddable":true,"href":"https:\/\/tvtecjundiai.com.br\/news\/wp-json\/wp\/v2\/tags?post=117213"}],"curies":[{"name":"wp","href":"https:\/\/api.w.org\/{rel}","templated":true}]}}