{"id":117721,"date":"2023-12-02T10:59:39","date_gmt":"2023-12-02T13:59:39","guid":{"rendered":"https:\/\/tvtecjundiai.com.br\/news\/?p=117721"},"modified":"2023-12-02T10:59:39","modified_gmt":"2023-12-02T13:59:39","slug":"espetaculo-para-as-familias-conclui-praticas-circenses-na-emeb-pedro-raymundo","status":"publish","type":"post","link":"https:\/\/tvtecjundiai.com.br\/news\/2023\/12\/02\/espetaculo-para-as-familias-conclui-praticas-circenses-na-emeb-pedro-raymundo\/","title":{"rendered":"Espet\u00e1culo para as fam\u00edlias conclui pr\u00e1ticas circenses na Emeb Pedro Raymundo"},"content":{"rendered":"\n<p>\u201cRespeit\u00e1vel p\u00fablico, o \u2018Circo do Pedr\u00e3o\u2019 chegou\u201d. Com uma apresenta\u00e7\u00e3o animada para os familiares e amigos, as crian\u00e7as da Emeb Vereador Jos\u00e9 Pedro Raymundo, na vila Rio Branco, encerraram o projeto com atividades circenses desenvolvido ao longo do ano nas aulas de Educa\u00e7\u00e3o F\u00edsica.<\/p>\n\n\n\n<p>Realizado com os cerca de 200 alunos dos grupos de 3, 4 e 5 anos da escola, o projeto foi uma iniciativa da educadora Patr\u00edcia Louren\u00e7o. \u201cA proposta de trabalhar com o Circo enquanto tema se deve ao fato de ser algo que envolve tanto a Educa\u00e7\u00e3o F\u00edsica, como diversos elementos culturais. Al\u00e9m de estar alinhado com o Curr\u00edculo Jundiaiense e com a Base Nacional Curricular Comum (BNCC).<\/p>\n\n\n<div class=\"wp-block-image\">\n<figure class=\"aligncenter\"><img decoding=\"async\" src=\"https:\/\/jundiai.sp.gov.br\/noticias\/wp-content\/uploads\/sites\/32\/2023\/12\/emeb-jose-pedro-raymundo-circo-do-pedrao_fm_-36-1280x854.jpg\" alt=\"\" class=\"wp-image-332840\" \/><figcaption class=\"wp-element-caption\">O parque da escola transformou-se em picadeiro e ficou lotado com o p\u00fablico especial<\/figcaption><\/figure>\n<\/div>\n\n\n<p>As turmas do per\u00edodo vespertino apresentaram-se na \u00faltima quinta-feira (30), num verdadeiro picadeiro montado no parque da escola, com direito a cortina vermelha e tudo. Entre uma troca de elenco e adere\u00e7os, o p\u00fablico p\u00f4de assistir a apresenta\u00e7\u00f5es de bambol\u00eas, equilibrismo com prato chin\u00eas, trampolins, piruetas, saltos, cambalhotas, malabarismo e, claro, muita palha\u00e7ada.<\/p>\n\n\n\n<p>O pequeno Jo\u00e3o Augusto Odoni, de quatro anos, escolheu as suas estripulias favoritas. \u201cGostei muito de me equilibrar e de rolar no tambor. E foi muito legal fazer isso para a minha m\u00e3e, irm\u00e3o, tia e av\u00f3, que convidei para que viessem hoje\u201d, comentou o aluno da professora Stela Spina.<\/p>\n\n\n\n<p>A mesma apresenta\u00e7\u00e3o, com as turmas do matutino, foi realizada para familiares e convidados no in\u00edcio da \u00faltima semana.<\/p>\n\n\n<div class=\"wp-block-image\">\n<figure class=\"aligncenter\"><a href=\"https:\/\/jundiai.sp.gov.br\/noticias\/wp-content\/uploads\/sites\/32\/2023\/12\/emeb-jose-pedro-raymundo-circo-do-pedrao_fm_-78.jpg\"><img decoding=\"async\" src=\"https:\/\/jundiai.sp.gov.br\/noticias\/wp-content\/uploads\/sites\/32\/2023\/12\/emeb-jose-pedro-raymundo-circo-do-pedrao_fm_-78-1280x854.jpg\" alt=\"\" class=\"wp-image-332842\" \/><\/a><figcaption class=\"wp-element-caption\">Projeto foi uma iniciativa da educadora f\u00edsica Patr\u00edcia Louren\u00e7o<\/figcaption><\/figure>\n<\/div>\n\n\n<p><strong><em>Fonte\/Imagem: Prefeitura de Jundia\u00ed<\/em><\/strong><\/p>\n","protected":false},"excerpt":{"rendered":"<p>O parque da escola transformou-se em picadeiro e ficou lotado com o p\u00fablico especial<\/p>\n","protected":false},"author":24,"featured_media":117722,"comment_status":"closed","ping_status":"0","sticky":false,"template":"","format":"standard","meta":{"footnotes":""},"categories":[2828,8356,1],"tags":[],"class_list":["post-117721","post","type-post","status-publish","format-standard","has-post-thumbnail","hentry","category-educacao","category-jundiai","category-noticias"],"_links":{"self":[{"href":"https:\/\/tvtecjundiai.com.br\/news\/wp-json\/wp\/v2\/posts\/117721","targetHints":{"allow":["GET"]}}],"collection":[{"href":"https:\/\/tvtecjundiai.com.br\/news\/wp-json\/wp\/v2\/posts"}],"about":[{"href":"https:\/\/tvtecjundiai.com.br\/news\/wp-json\/wp\/v2\/types\/post"}],"author":[{"embeddable":true,"href":"https:\/\/tvtecjundiai.com.br\/news\/wp-json\/wp\/v2\/users\/24"}],"replies":[{"embeddable":true,"href":"https:\/\/tvtecjundiai.com.br\/news\/wp-json\/wp\/v2\/comments?post=117721"}],"version-history":[{"count":1,"href":"https:\/\/tvtecjundiai.com.br\/news\/wp-json\/wp\/v2\/posts\/117721\/revisions"}],"predecessor-version":[{"id":117723,"href":"https:\/\/tvtecjundiai.com.br\/news\/wp-json\/wp\/v2\/posts\/117721\/revisions\/117723"}],"wp:featuredmedia":[{"embeddable":true,"href":"https:\/\/tvtecjundiai.com.br\/news\/wp-json\/wp\/v2\/media\/117722"}],"wp:attachment":[{"href":"https:\/\/tvtecjundiai.com.br\/news\/wp-json\/wp\/v2\/media?parent=117721"}],"wp:term":[{"taxonomy":"category","embeddable":true,"href":"https:\/\/tvtecjundiai.com.br\/news\/wp-json\/wp\/v2\/categories?post=117721"},{"taxonomy":"post_tag","embeddable":true,"href":"https:\/\/tvtecjundiai.com.br\/news\/wp-json\/wp\/v2\/tags?post=117721"}],"curies":[{"name":"wp","href":"https:\/\/api.w.org\/{rel}","templated":true}]}}