{"id":118833,"date":"2024-01-07T09:32:05","date_gmt":"2024-01-07T12:32:05","guid":{"rendered":"https:\/\/tvtecjundiai.com.br\/news\/?p=118833"},"modified":"2024-01-08T09:25:45","modified_gmt":"2024-01-08T12:25:45","slug":"interessados-tem-mais-uma-semana-para-se-inscrever-nos-cursos-do-centro-de-linguas111","status":"publish","type":"post","link":"https:\/\/tvtecjundiai.com.br\/news\/2024\/01\/07\/interessados-tem-mais-uma-semana-para-se-inscrever-nos-cursos-do-centro-de-linguas111\/","title":{"rendered":"Inscri\u00e7\u00f5es para os cursos do Centro de L\u00ednguas v\u00e3o at\u00e9 domingo (14)"},"content":{"rendered":"\n<p>Os interessados t\u00eam at\u00e9 o pr\u00f3ximo domingo (14) para se inscrever nos cursos de idiomas estrangeiros do Centro de L\u00ednguas e Tecnologia da Informa\u00e7\u00e3o Antonio Houaiss. Desta vez, o equipamento vinculado \u00e0 Unidade de Gest\u00e3o de Educa\u00e7\u00e3o (UGE) disponibiliza mais de mil vagas, nos cursos gratuitos de Espanhol, Franc\u00eas, Ingl\u00eas e Italiano.&nbsp;<a href=\"https:\/\/web.cijun.sp.gov.br\/PMJ\/LI\/inicio.aspx?value=5DqbwyrkevmoVA%2fD%2bIPlWw%3d%3d\" target=\"_blank\" rel=\"noreferrer noopener\">As inscri\u00e7\u00f5es, tamb\u00e9m gratuitas, devem ser feitas pela internet<\/a>.<\/p>\n\n\n\n<p>Os cursos t\u00eam dura\u00e7\u00e3o de quatro semestres, com dois encontros semanais \u2013 \u00e0s segundas e quartas-feiras ou \u00e0s ter\u00e7as e quintas-feiras. Para o Franc\u00eas e Ingl\u00eas, h\u00e1 vagas para os per\u00edodos matutino, vespertino e noturno; para Espanhol e Italiano, as turmas ser\u00e3o nos per\u00edodos matutino e noturno.<\/p>\n\n\n\n<p>Podem se inscrever somente pessoas que residam no Munic\u00edpio, com 14 anos de idade ou mais (cumpridos at\u00e9 a data de encerramento da inscri\u00e7\u00e3o), ter Ensino Fundamental completo (ou estar no 9\u00ba ano no ato da matr\u00edcula) e indicar e-mail pr\u00f3prio v\u00e1lido e ativo. Os inscritos tamb\u00e9m devem possuir dispositivo e conhecimento para acesso \u00e0 internet.<\/p>\n\n\n<div class=\"wp-block-image\">\n<figure class=\"aligncenter size-large\"><img loading=\"lazy\" decoding=\"async\" width=\"1200\" height=\"800\" src=\"https:\/\/tvtecjundiai.com.br\/news\/wp-content\/uploads\/sites\/2\/2024\/01\/centro-de-linguas_complexo-argos_m_-14-1536x1024-1-1200x800.jpg\" alt=\"\" class=\"wp-image-118834\" srcset=\"https:\/\/tvtecjundiai.com.br\/news\/wp-content\/uploads\/sites\/2\/2024\/01\/centro-de-linguas_complexo-argos_m_-14-1536x1024-1-1200x800.jpg 1200w, https:\/\/tvtecjundiai.com.br\/news\/wp-content\/uploads\/sites\/2\/2024\/01\/centro-de-linguas_complexo-argos_m_-14-1536x1024-1-300x200.jpg 300w, https:\/\/tvtecjundiai.com.br\/news\/wp-content\/uploads\/sites\/2\/2024\/01\/centro-de-linguas_complexo-argos_m_-14-1536x1024-1-768x512.jpg 768w, https:\/\/tvtecjundiai.com.br\/news\/wp-content\/uploads\/sites\/2\/2024\/01\/centro-de-linguas_complexo-argos_m_-14-1536x1024-1.jpg 1280w\" sizes=\"auto, (max-width: 1200px) 100vw, 1200px\" \/><figcaption class=\"wp-element-caption\">Desta vez s\u00e3o mais de mil vagas, nos cursos gratuitos de Espanhol, Franc\u00eas, Ingl\u00eas e Italiano<br><\/figcaption><\/figure>\n<\/div>\n\n\n<p>As vagas dispon\u00edveis ser\u00e3o distribu\u00eddas da seguinte forma: 40% delas s\u00e3o destinadas para a op\u00e7\u00e3o \u201cInscri\u00e7\u00e3o por sorteio\u201d; 45% para a op\u00e7\u00e3o Classifica\u00e7\u00e3o por renda (sendo considerada renda mensal que n\u00e3o supere tr\u00eas sal\u00e1rios m\u00ednimos \u2013 R$ 3.960. A renda declarada na inscri\u00e7\u00e3o dever\u00e1 ser comprovada na efetiva\u00e7\u00e3o da matr\u00edcula e a classifica\u00e7\u00e3o dos candidatos se dar\u00e1 em ordem decrescente. Se houver vagas remanescentes nesta categoria, as mesmas ser\u00e3o disponibilizadas para a Inscri\u00e7\u00e3o por sorteio); 5% para pessoas com defici\u00eancia (mediante apresenta\u00e7\u00e3o, no ato da matr\u00edcula, de laudo m\u00e9dico) e 10% para servidores ativos da UGE (e se nessa categoria o n\u00famero de inscritos exceder o de vagas, haver\u00e1 sorteio para classifica\u00e7\u00e3o e cria\u00e7\u00e3o de lista de espera).<\/p>\n\n\n\n<p>A efetiva\u00e7\u00e3o da matr\u00edcula para os candidatos classificados ou sorteados dever\u00e1 ser feita atrav\u00e9s da anexa\u00e7\u00e3o da documenta\u00e7\u00e3o necess\u00e1ria atrav\u00e9s de link enviado pela UGE ao e-mail informado pelo interessado no ato da inscri\u00e7\u00e3o.<\/p>\n\n\n\n<p>Os detalhes da inscri\u00e7\u00e3o, requisitos, distribui\u00e7\u00e3o de vagas, documenta\u00e7\u00e3o necess\u00e1ria e mais informa\u00e7\u00f5es podem ser obtidas no\u00a0<a href=\"https:\/\/imprensaoficial.jundiai.sp.gov.br\/wp-content\/uploads\/2023\/12\/4b6277d6-2bcc-4f22-8d6b-e5184d97e6d7_Edicao-5373-06-12-2023.pdf\" target=\"_blank\" rel=\"noreferrer noopener\">edital UGE n\u00ba 71\/2023, publicado nas p\u00e1ginas 19 e 20 da edi\u00e7\u00e3o 5373 da Imprensa Oficial do Munic\u00edpio<\/a>.<\/p>\n\n\n\n<p><em><strong>Fonte &#8211; Imagem: Prefeitura de Jundia\u00ed<\/strong><\/em><\/p>\n","protected":false},"excerpt":{"rendered":"<p>S\u00e3o mais de mil vagas, nos cursos de Espanhol, Franc\u00eas, Ingl\u00eas e Italiano. <\/p>\n","protected":false},"author":24,"featured_media":118834,"comment_status":"closed","ping_status":"0","sticky":false,"template":"","format":"standard","meta":{"footnotes":""},"categories":[2832,29,8356,1],"tags":[21,5,556],"class_list":["post-118833","post","type-post","status-publish","format-standard","has-post-thumbnail","hentry","category-cursos","category-destaque","category-jundiai","category-noticias","tag-educacao","tag-jundiai","tag-noticias"],"_links":{"self":[{"href":"https:\/\/tvtecjundiai.com.br\/news\/wp-json\/wp\/v2\/posts\/118833","targetHints":{"allow":["GET"]}}],"collection":[{"href":"https:\/\/tvtecjundiai.com.br\/news\/wp-json\/wp\/v2\/posts"}],"about":[{"href":"https:\/\/tvtecjundiai.com.br\/news\/wp-json\/wp\/v2\/types\/post"}],"author":[{"embeddable":true,"href":"https:\/\/tvtecjundiai.com.br\/news\/wp-json\/wp\/v2\/users\/24"}],"replies":[{"embeddable":true,"href":"https:\/\/tvtecjundiai.com.br\/news\/wp-json\/wp\/v2\/comments?post=118833"}],"version-history":[{"count":4,"href":"https:\/\/tvtecjundiai.com.br\/news\/wp-json\/wp\/v2\/posts\/118833\/revisions"}],"predecessor-version":[{"id":118850,"href":"https:\/\/tvtecjundiai.com.br\/news\/wp-json\/wp\/v2\/posts\/118833\/revisions\/118850"}],"wp:featuredmedia":[{"embeddable":true,"href":"https:\/\/tvtecjundiai.com.br\/news\/wp-json\/wp\/v2\/media\/118834"}],"wp:attachment":[{"href":"https:\/\/tvtecjundiai.com.br\/news\/wp-json\/wp\/v2\/media?parent=118833"}],"wp:term":[{"taxonomy":"category","embeddable":true,"href":"https:\/\/tvtecjundiai.com.br\/news\/wp-json\/wp\/v2\/categories?post=118833"},{"taxonomy":"post_tag","embeddable":true,"href":"https:\/\/tvtecjundiai.com.br\/news\/wp-json\/wp\/v2\/tags?post=118833"}],"curies":[{"name":"wp","href":"https:\/\/api.w.org\/{rel}","templated":true}]}}