{"id":119707,"date":"2024-02-05T10:38:39","date_gmt":"2024-02-05T13:38:39","guid":{"rendered":"https:\/\/tvtecjundiai.com.br\/news\/?p=119707"},"modified":"2024-02-05T10:38:43","modified_gmt":"2024-02-05T13:38:43","slug":"jundiai-tera-semana-com-aumento-de-temperatura","status":"publish","type":"post","link":"https:\/\/tvtecjundiai.com.br\/news\/2024\/02\/05\/jundiai-tera-semana-com-aumento-de-temperatura\/","title":{"rendered":"Jundia\u00ed ter\u00e1 semana com aumento de temperatura"},"content":{"rendered":"\n<p>A segunda semana de fevereiro come\u00e7a quente, com os term\u00f4metros batendo os 32\u00b0 graus, com m\u00ednima de 18\u00b0. Segundo o site Climatempo, h\u00e1 possibilidade de pancadas de chuva. <\/p>\n\n\n\n<figure class=\"wp-block-image size-large\"><img loading=\"lazy\" decoding=\"async\" width=\"1200\" height=\"675\" src=\"https:\/\/tvtecjundiai.com.br\/news\/wp-content\/uploads\/sites\/2\/2024\/02\/MATERIA-NO-FACEBOOK-18-1200x675.png\" alt=\"\" class=\"wp-image-119708\" srcset=\"https:\/\/tvtecjundiai.com.br\/news\/wp-content\/uploads\/sites\/2\/2024\/02\/MATERIA-NO-FACEBOOK-18-1200x675.png 1200w, https:\/\/tvtecjundiai.com.br\/news\/wp-content\/uploads\/sites\/2\/2024\/02\/MATERIA-NO-FACEBOOK-18-300x169.png 300w, https:\/\/tvtecjundiai.com.br\/news\/wp-content\/uploads\/sites\/2\/2024\/02\/MATERIA-NO-FACEBOOK-18-768x432.png 768w, https:\/\/tvtecjundiai.com.br\/news\/wp-content\/uploads\/sites\/2\/2024\/02\/MATERIA-NO-FACEBOOK-18.png 1280w\" sizes=\"auto, (max-width: 1200px) 100vw, 1200px\" \/><\/figure>\n\n\n\n<p><strong>Segunda-feira (05),<\/strong> a semana come\u00e7a ensolarada, com m\u00e1xima de 29\u00b0 e m\u00ednima de 18\u00b0 graus. H\u00e1 possibilidade de pancadas de chuva \u00e0 tarde e \u00e0 noite;<\/p>\n\n\n\n<p><strong>Ter\u00e7a-feira (06), <\/strong>com m\u00e1xima de 30\u00b0 e m\u00ednima de 18\u00b0 graus, o dia ser\u00e1 ensolarado e com possibilidade de pancadas de chuva \u00e0 tarde e \u00e0 noite;<\/p>\n\n\n\n<p><strong>Quarta-feira (07), <\/strong>o dia ser\u00e1 ensolarado e com possibilidade de pancadas de chuva \u00e0 tarde e \u00e0 noite. A m\u00e1xima chega aos 31\u00b0 graus, com m\u00ednima de 18\u00b0; <\/p>\n\n\n\n<p><strong>Quinta-feira (08),<\/strong> o dia segue ensolarado, com m\u00e1xima de 32\u00b0 graus e m\u00ednima de 19\u00b0. H\u00e1 possibilidade de pancadas de chuva \u00e0 tarde; <\/p>\n\n\n\n<p><strong>Sexta-feira (10), <\/strong>o \u00faltima dia da semana ser\u00e1 de bastante sol, com m\u00e1xima de 32\u00b0 e m\u00ednima de 18\u00b0 graus. H\u00e1 previs\u00e3o de pancadas de chuva \u00e0 tarde e \u00e0 noite; <\/p>\n\n\n\n<p><strong>Fonte\/Imagem:<\/strong> TVTEC Jundia\u00ed <\/p>\n","protected":false},"excerpt":{"rendered":"<p>A segunda semana de fevereiro come\u00e7a quente, com os term\u00f4metros batendo os 32\u00b0 graus, com m\u00ednima de 18\u00b0.<\/p>\n","protected":false},"author":24,"featured_media":119709,"comment_status":"closed","ping_status":"0","sticky":false,"template":"","format":"standard","meta":{"footnotes":""},"categories":[8415],"tags":[5,556,2921],"class_list":["post-119707","post","type-post","status-publish","format-standard","has-post-thumbnail","hentry","category-previsao-do-tempo","tag-jundiai","tag-noticias","tag-previsao-do-tempo"],"_links":{"self":[{"href":"https:\/\/tvtecjundiai.com.br\/news\/wp-json\/wp\/v2\/posts\/119707","targetHints":{"allow":["GET"]}}],"collection":[{"href":"https:\/\/tvtecjundiai.com.br\/news\/wp-json\/wp\/v2\/posts"}],"about":[{"href":"https:\/\/tvtecjundiai.com.br\/news\/wp-json\/wp\/v2\/types\/post"}],"author":[{"embeddable":true,"href":"https:\/\/tvtecjundiai.com.br\/news\/wp-json\/wp\/v2\/users\/24"}],"replies":[{"embeddable":true,"href":"https:\/\/tvtecjundiai.com.br\/news\/wp-json\/wp\/v2\/comments?post=119707"}],"version-history":[{"count":1,"href":"https:\/\/tvtecjundiai.com.br\/news\/wp-json\/wp\/v2\/posts\/119707\/revisions"}],"predecessor-version":[{"id":119710,"href":"https:\/\/tvtecjundiai.com.br\/news\/wp-json\/wp\/v2\/posts\/119707\/revisions\/119710"}],"wp:featuredmedia":[{"embeddable":true,"href":"https:\/\/tvtecjundiai.com.br\/news\/wp-json\/wp\/v2\/media\/119709"}],"wp:attachment":[{"href":"https:\/\/tvtecjundiai.com.br\/news\/wp-json\/wp\/v2\/media?parent=119707"}],"wp:term":[{"taxonomy":"category","embeddable":true,"href":"https:\/\/tvtecjundiai.com.br\/news\/wp-json\/wp\/v2\/categories?post=119707"},{"taxonomy":"post_tag","embeddable":true,"href":"https:\/\/tvtecjundiai.com.br\/news\/wp-json\/wp\/v2\/tags?post=119707"}],"curies":[{"name":"wp","href":"https:\/\/api.w.org\/{rel}","templated":true}]}}