{"id":119945,"date":"2024-02-10T14:37:00","date_gmt":"2024-02-10T17:37:00","guid":{"rendered":"https:\/\/tvtecjundiai.com.br\/news\/?p=119945"},"modified":"2024-02-10T14:37:00","modified_gmt":"2024-02-10T17:37:00","slug":"comite-integrado-age-rapido-para-evitar-tumultos-no-carnaval","status":"publish","type":"post","link":"https:\/\/tvtecjundiai.com.br\/news\/2024\/02\/10\/comite-integrado-age-rapido-para-evitar-tumultos-no-carnaval\/","title":{"rendered":"Comit\u00ea Integrado age r\u00e1pido para evitar tumultos no Carnaval"},"content":{"rendered":"\n<p>Para festejar o&nbsp;<a href=\"https:\/\/cultura.jundiai.sp.gov.br\/carnaval-2024\/\" target=\"_blank\" rel=\"noreferrer noopener\">Carnaval<\/a>&nbsp;com o bloco de rua Refogado do Sandi, cerca de 4 mil pessoas estiveram no Centro ao longo da tarde e noite dessa sexta-feira (09). O levantamento do n\u00famero de p\u00fablico e a garantia da seguran\u00e7a dos foli\u00f5es e demais mun\u00edcipes s\u00e3o resultados do trabalho do Comit\u00ea Integrado de Monitoramento da Prefeitura, por meio de agentes no local dos desfiles e, remotamente, a partir da Sala de Situa\u00e7\u00e3o do Pa\u00e7o Municipal.<\/p>\n\n\n\n<p>\u201cAssim como todas as a\u00e7\u00f5es da Prefeitura, a intersetorialidade \u00e9 uma das marcas do monitoramento dos desfiles de Carnaval em Jundia\u00ed, com foco tanto na garantia da seguran\u00e7a e da festa para os foli\u00f5es, quanto na tranquilidade dos mun\u00edcipes que aproveitam o feriado para descansar. Com os agentes no local e o monitoramento remoto, utilizando, inclusive, a comunica\u00e7\u00e3o via aplicativos, garantimos n\u00e3o s\u00f3 a resposta r\u00e1pida em eventuais ocorr\u00eancias, como tamb\u00e9m a libera\u00e7\u00e3o e limpeza das vias para a normaliza\u00e7\u00e3o de fluxos ap\u00f3s os desfiles\u201d, comentou o gestor de Cultura, Marcelo Peroni.<\/p>\n\n\n\n<p>Vale frisar que, o Comit\u00ea integrado de Monitoramento da Prefeitura seguiu reunido at\u00e9 a dispers\u00e3o completa dos foli\u00f5es, onde, atrav\u00e9s da r\u00e1pida interven\u00e7\u00e3o, dispersou o in\u00edcio de tumulto; conteve consumo excessivo de bebidas alco\u00f3licas a apreendeu jovem com entorpecentes, al\u00e9m da fiscaliza\u00e7\u00e3o de ve\u00edculos, 2 autom\u00f3veis e 2 motocicletas foram apreendidas.<\/p>\n\n\n<div class=\"wp-block-image\">\n<figure class=\"aligncenter\"><img decoding=\"async\" src=\"https:\/\/jundiai.sp.gov.br\/noticias\/wp-content\/uploads\/sites\/32\/2024\/02\/comite_de_monitoramento_bloco_refogado_do_sandi-10-1280x854.jpg\" alt=\"\" class=\"wp-image-338085\" \/><figcaption class=\"wp-element-caption\">Al\u00e9m das c\u00e2meras e drone, comunica\u00e7\u00e3o via aplicativo tamb\u00e9m refor\u00e7a a agilidade entre a tomada de decis\u00f5es das equipes<\/figcaption><\/figure>\n<\/div>\n\n\n<p>O Comit\u00ea \u00e9 composto por representantes das Unidades de Gest\u00e3o e \u00f3rg\u00e3os da Prefeitura: de Cultura (UGC), de seguran\u00e7a Municipal (UGSM), de Governo e Finan\u00e7as (UGGF) \u2013 Fiscaliza\u00e7\u00e3o do Com\u00e9rcio, da Casa Civil (UGCC), de Mobilidade e Transporte (UGMT), de Infraestrutura e Servi\u00e7os P\u00fablicos (UGISP), da Defesa Civil e da Companhia de Inform\u00e1tica de Jundia\u00ed (CIJUN); das For\u00e7as de Seguran\u00e7a: Guarda Municipal de Jundia\u00ed (GMJ), Pol\u00edcia Militar (PM) e Pol\u00edcia Civil; al\u00e9m do SAMU, Corpo de Bombeiros e do Poder Judici\u00e1rio \u2013 Juizado de Menores.<\/p>\n\n\n\n<p>Al\u00e9m da presen\u00e7a dos agentes nos desfiles \u2013 somente da GMJ ser\u00e3o cerca de 100 guardas -, o monitoramento \u00e9 garantido pela presen\u00e7a das c\u00e2meras fixas j\u00e1 instaladas nas ruas da cidade, al\u00e9m das instaladas para os dias de desfile e das viaturas. \u201cUtilizaremos todo o efetivo do setor de Intelig\u00eancia da Informa\u00e7\u00e3o da Unidade de Seguran\u00e7a, al\u00e9m de drone, aliado \u00e0s c\u00e2meras de seguran\u00e7a, possibilitando dias de tranquilidade para os foli\u00f5es.\u201d, comenta a gestora da UGSM, coronel Carla Basson.<\/p>\n\n\n\n<p>A UGSM orienta ainda que o telefone de emerg\u00eancia da GMJ \u00e9 o 153, para o qual podem ser reportados, por exemplo, casos de importuna\u00e7\u00e3o sexual, que se tornou crime no Brasil em 2018, caracterizada como pr\u00e1ticas de atos libidinosos sem anu\u00eancia dos envolvidos.<\/p>\n\n\n\n<p><strong>Mais Carnaval<\/strong><br>A programa\u00e7\u00e3o de Carnaval com blocos de rua e de atra\u00e7\u00f5es para o p\u00fablico infantojuvenil Cidade das Crian\u00e7as na Biblioteca Municipal Professor Nelson Foot e na F\u00e1brica das Inf\u00e2ncias Japy segue at\u00e9 a ter\u00e7a-feira (13). Para conferir os detalhes das atra\u00e7\u00f5es, basta acessar o&nbsp;<a href=\"https:\/\/cultura.jundiai.sp.gov.br\/carnaval-2024\/\" target=\"_blank\" rel=\"noreferrer noopener\">site da Cultura<\/a>&nbsp;ou a&nbsp;<a href=\"https:\/\/cultura.jundiai.sp.gov.br\/eventos\/tag\/carnaval-2024\/\" target=\"_blank\" rel=\"noreferrer noopener\">Agenda Cultural<\/a>.<\/p>\n\n\n\n<figure class=\"wp-block-image\"><img decoding=\"async\" src=\"https:\/\/jundiai.sp.gov.br\/noticias\/wp-content\/uploads\/sites\/32\/2024\/02\/carnaval-bloco-refogado-do-sandi-no-centro_fm_-29-1280x854.jpg\" alt=\"\" class=\"wp-image-338088\" \/><figcaption class=\"wp-element-caption\">Tradicional bloco Refogado do Sandi \u00e9 sempre realizado na sexta-feira de Carnaval<\/figcaption><\/figure>\n\n\n\n<p><strong><em>Fonte\/Imagem: Prefeitura de Jundia\u00ed<\/em><\/strong><\/p>\n","protected":false},"excerpt":{"rendered":"<p>Comunica\u00e7\u00e3o via aplicativo tamb\u00e9m refor\u00e7a a agilidade entre a tomada de decis\u00f5es das equipes<\/p>\n","protected":false},"author":24,"featured_media":119946,"comment_status":"closed","ping_status":"0","sticky":false,"template":"","format":"standard","meta":{"footnotes":""},"categories":[8356,1,4831],"tags":[],"class_list":["post-119945","post","type-post","status-publish","format-standard","has-post-thumbnail","hentry","category-jundiai","category-noticias","category-seguranca"],"_links":{"self":[{"href":"https:\/\/tvtecjundiai.com.br\/news\/wp-json\/wp\/v2\/posts\/119945","targetHints":{"allow":["GET"]}}],"collection":[{"href":"https:\/\/tvtecjundiai.com.br\/news\/wp-json\/wp\/v2\/posts"}],"about":[{"href":"https:\/\/tvtecjundiai.com.br\/news\/wp-json\/wp\/v2\/types\/post"}],"author":[{"embeddable":true,"href":"https:\/\/tvtecjundiai.com.br\/news\/wp-json\/wp\/v2\/users\/24"}],"replies":[{"embeddable":true,"href":"https:\/\/tvtecjundiai.com.br\/news\/wp-json\/wp\/v2\/comments?post=119945"}],"version-history":[{"count":1,"href":"https:\/\/tvtecjundiai.com.br\/news\/wp-json\/wp\/v2\/posts\/119945\/revisions"}],"predecessor-version":[{"id":119947,"href":"https:\/\/tvtecjundiai.com.br\/news\/wp-json\/wp\/v2\/posts\/119945\/revisions\/119947"}],"wp:featuredmedia":[{"embeddable":true,"href":"https:\/\/tvtecjundiai.com.br\/news\/wp-json\/wp\/v2\/media\/119946"}],"wp:attachment":[{"href":"https:\/\/tvtecjundiai.com.br\/news\/wp-json\/wp\/v2\/media?parent=119945"}],"wp:term":[{"taxonomy":"category","embeddable":true,"href":"https:\/\/tvtecjundiai.com.br\/news\/wp-json\/wp\/v2\/categories?post=119945"},{"taxonomy":"post_tag","embeddable":true,"href":"https:\/\/tvtecjundiai.com.br\/news\/wp-json\/wp\/v2\/tags?post=119945"}],"curies":[{"name":"wp","href":"https:\/\/api.w.org\/{rel}","templated":true}]}}