{"id":120387,"date":"2024-02-26T14:43:24","date_gmt":"2024-02-26T17:43:24","guid":{"rendered":"https:\/\/tvtecjundiai.com.br\/news\/?p=120387"},"modified":"2024-02-27T11:26:17","modified_gmt":"2024-02-27T14:26:17","slug":"semana-sera-quente-e-com-previsao-de-chuva-em-jundiai1","status":"publish","type":"post","link":"https:\/\/tvtecjundiai.com.br\/news\/2024\/02\/26\/semana-sera-quente-e-com-previsao-de-chuva-em-jundiai1\/","title":{"rendered":"Semana ser\u00e1 quente e com previs\u00e3o de chuva, em Jundia\u00ed"},"content":{"rendered":"\n<p>A semana do dia 26 de fevereiro \u00e0 01 de mar\u00e7o ser\u00e1 quente, segundo o site Climatempo. Apesar da previs\u00e3o de pancadas de chuvas, as temperaturas podem chegar aos 32\u00b0 graus. <\/p>\n\n\n\n<figure class=\"wp-block-image size-large\"><img loading=\"lazy\" decoding=\"async\" width=\"1200\" height=\"900\" src=\"https:\/\/tvtecjundiai.com.br\/news\/wp-content\/uploads\/sites\/2\/2024\/02\/WhatsApp-Image-2024-02-26-at-14.42.27-1-1200x900.jpeg\" alt=\"\" class=\"wp-image-120389\" srcset=\"https:\/\/tvtecjundiai.com.br\/news\/wp-content\/uploads\/sites\/2\/2024\/02\/WhatsApp-Image-2024-02-26-at-14.42.27-1-1200x900.jpeg 1200w, https:\/\/tvtecjundiai.com.br\/news\/wp-content\/uploads\/sites\/2\/2024\/02\/WhatsApp-Image-2024-02-26-at-14.42.27-1-300x225.jpeg 300w, https:\/\/tvtecjundiai.com.br\/news\/wp-content\/uploads\/sites\/2\/2024\/02\/WhatsApp-Image-2024-02-26-at-14.42.27-1-768x576.jpeg 768w, https:\/\/tvtecjundiai.com.br\/news\/wp-content\/uploads\/sites\/2\/2024\/02\/WhatsApp-Image-2024-02-26-at-14.42.27-1.jpeg 1280w\" sizes=\"auto, (max-width: 1200px) 100vw, 1200px\" \/><\/figure>\n\n\n\n<p><strong>Segunda-feira (26),<\/strong> o dia ser\u00e1 ensolarado, com m\u00e1xima de 30\u00b0 graus e m\u00ednima de 21\u00b0. H\u00e1 possibilidade de chuva \u00e0 tarde e \u00e0 noite. <\/p>\n\n\n\n<p><strong>Ter\u00e7a-feira (27),  <\/strong>com m\u00e1xima de 31\u00b0 e m\u00ednima de 20\u00b0, o dia ser\u00e1 ensolarado e pode haver pancadas de chuva \u00e0 tarde.<\/p>\n\n\n\n<p><strong>A Quarta-feira (28) <\/strong>segue ensolarada, com os term\u00f4metros podendo atingir os 32\u00b0 graus, com m\u00ednima de 21\u00b0. H\u00e1 previs\u00e3o de pancadas de chuva \u00e0 tarde e \u00e0 noite. <\/p>\n\n\n\n<p><strong>Quinta-feira (29), <\/strong>sol com bastante nuvens pela manh\u00e3. Com m\u00e1xima de 31\u00b0 e m\u00ednima de 21\u00b0, h\u00e1 previs\u00e3o de chuva durante \u00e0 tarde e \u00e0 noite. <\/p>\n\n\n\n<p><strong>Sexta-feira (01), <\/strong>o \u00faltimo dia da semana segue ensolarado com m\u00e1xima de 29\u00b0 graus e m\u00ednima de 20\u00b0. H\u00e1 previs\u00e3o de pancadas de chuva \u00e0 tarde e \u00e0 noite. <\/p>\n\n\n\n<p><strong>Fonte\/Imagem:<\/strong> TVTEC Jundia\u00ed <\/p>\n","protected":false},"excerpt":{"rendered":"<p>A semana do dia 26 de fevereiro \u00e0 01 de mar\u00e7o ser\u00e1 quente. <\/p>\n","protected":false},"author":24,"featured_media":120388,"comment_status":"closed","ping_status":"0","sticky":false,"template":"","format":"standard","meta":{"footnotes":""},"categories":[29,1],"tags":[5,556,2921],"class_list":["post-120387","post","type-post","status-publish","format-standard","has-post-thumbnail","hentry","category-destaque","category-noticias","tag-jundiai","tag-noticias","tag-previsao-do-tempo"],"_links":{"self":[{"href":"https:\/\/tvtecjundiai.com.br\/news\/wp-json\/wp\/v2\/posts\/120387","targetHints":{"allow":["GET"]}}],"collection":[{"href":"https:\/\/tvtecjundiai.com.br\/news\/wp-json\/wp\/v2\/posts"}],"about":[{"href":"https:\/\/tvtecjundiai.com.br\/news\/wp-json\/wp\/v2\/types\/post"}],"author":[{"embeddable":true,"href":"https:\/\/tvtecjundiai.com.br\/news\/wp-json\/wp\/v2\/users\/24"}],"replies":[{"embeddable":true,"href":"https:\/\/tvtecjundiai.com.br\/news\/wp-json\/wp\/v2\/comments?post=120387"}],"version-history":[{"count":3,"href":"https:\/\/tvtecjundiai.com.br\/news\/wp-json\/wp\/v2\/posts\/120387\/revisions"}],"predecessor-version":[{"id":120420,"href":"https:\/\/tvtecjundiai.com.br\/news\/wp-json\/wp\/v2\/posts\/120387\/revisions\/120420"}],"wp:featuredmedia":[{"embeddable":true,"href":"https:\/\/tvtecjundiai.com.br\/news\/wp-json\/wp\/v2\/media\/120388"}],"wp:attachment":[{"href":"https:\/\/tvtecjundiai.com.br\/news\/wp-json\/wp\/v2\/media?parent=120387"}],"wp:term":[{"taxonomy":"category","embeddable":true,"href":"https:\/\/tvtecjundiai.com.br\/news\/wp-json\/wp\/v2\/categories?post=120387"},{"taxonomy":"post_tag","embeddable":true,"href":"https:\/\/tvtecjundiai.com.br\/news\/wp-json\/wp\/v2\/tags?post=120387"}],"curies":[{"name":"wp","href":"https:\/\/api.w.org\/{rel}","templated":true}]}}