{"id":12097,"date":"2018-06-13T08:30:27","date_gmt":"2018-06-13T11:30:27","guid":{"rendered":"https:\/\/tvtecjundiai.com.br\/news\/?p=12097"},"modified":"2018-06-13T08:30:27","modified_gmt":"2018-06-13T11:30:27","slug":"curso-de-costura-do-funss-ensinara-a-fazer-pecas-masculinas","status":"publish","type":"post","link":"https:\/\/tvtecjundiai.com.br\/news\/2018\/06\/13\/curso-de-costura-do-funss-ensinara-a-fazer-pecas-masculinas\/","title":{"rendered":"Curso de Costura do Funss ensinar\u00e1 a fazer pe\u00e7as masculinas"},"content":{"rendered":"<p>O curso de Costura do Fundo Social de Solidariedade, cujas inscri\u00e7\u00f5es abrir\u00e3o na pr\u00f3xima sexta-feira (15), se voltar\u00e3o \u00e0\u00a0confec\u00e7\u00e3o de cal\u00e7as e bermudas masculinas. No total, ser\u00e3o oferecidas 20 vagas para pessoas com 18 anos ou mais, residentes em Jundia\u00ed e com o Ensino Fundamental completo. Para participar tamb\u00e9m \u00e9 necess\u00e1rio ter cursado o treinamento \u201cT\u00e9cnicas Preparat\u00f3rias de Costura para Tecido Plano e Malha\u201d, o curso de Costura de Tecido Plano e Malha em M\u00e1quinas Industriais ou ter pr\u00e1tica em prepara\u00e7\u00e3o, montagem e acabamento em tecido plano e malha feitos em m\u00e1quinas de costura industrial.<\/p>\n<p>N\u00e3o poder\u00e3o participar desta capacita\u00e7\u00e3o aqueles alunos que j\u00e1 estejam matriculados em outros cursos e que estejam em andamento. O m\u00f3dulo \u00e9 resultado de uma parceria entre a Prefeitura de Jundia\u00ed, Centro Paula Souza e o SEBRAE, por meio do programa Super MEI, com a coordena\u00e7\u00e3o da Escola Senai \u201cConde Alexandre Siciliano\u201d (SENAI Jundia\u00ed).<\/p>\n<div id=\"attachment_12098\" style=\"width: 396px\" class=\"wp-caption alignleft\"><a href=\"https:\/\/tvtecjundiai.com.br\/news\/wp-content\/uploads\/sites\/2\/2018\/06\/corte-e-costura-1.jpg\"><img loading=\"lazy\" decoding=\"async\" aria-describedby=\"caption-attachment-12098\" class=\"wp-image-12098\" src=\"https:\/\/tvtecjundiai.com.br\/news\/wp-content\/uploads\/sites\/2\/2018\/06\/corte-e-costura-1-300x200.jpg\" alt=\"\" width=\"386\" height=\"257\" srcset=\"https:\/\/tvtecjundiai.com.br\/news\/wp-content\/uploads\/sites\/2\/2018\/06\/corte-e-costura-1-300x200.jpg 300w, https:\/\/tvtecjundiai.com.br\/news\/wp-content\/uploads\/sites\/2\/2018\/06\/corte-e-costura-1-768x512.jpg 768w, https:\/\/tvtecjundiai.com.br\/news\/wp-content\/uploads\/sites\/2\/2018\/06\/corte-e-costura-1-1200x800.jpg 1200w, https:\/\/tvtecjundiai.com.br\/news\/wp-content\/uploads\/sites\/2\/2018\/06\/corte-e-costura-1.jpg 1280w\" sizes=\"auto, (max-width: 386px) 100vw, 386px\" \/><\/a><p id=\"caption-attachment-12098\" class=\"wp-caption-text\">As inscri\u00e7\u00f5es dever\u00e3o ser feitas presencialmente no Fundo Social de Solidariedade das 13h30 \u00e0s 16h30<\/p><\/div>\n<p>O hor\u00e1rio das matr\u00edculas ser\u00e1 das 13h30 \u00e0s 16h30. Para participar \u00e9 preciso ir pessoalmente ao Funss, que fica dentro do Parque da Uva, com acesso pela avenida Dona Manoela Lacerda de Vergueiro, s\/n, port\u00e3o 03, bairro Anhangaba\u00fa.<\/p>\n<p>No momento da inscri\u00e7\u00e3o \u00e9 preciso apresentar\u00a0originais e c\u00f3pias do RG, CPF e Comprovante de Resid\u00eancia,\u00a0que necessariamente deve ser\u00a0o Carn\u00ea de IPTU de Jundia\u00ed ou uma conta de \u00e1gua, luz ou telefone em nome do aluno\u00a0e tamb\u00e9m:<\/p>\n<ul>\n<li>RG ou Certid\u00e3o de Nascimento: quando o comprovante estiver em nome dos pais;<\/li>\n<li>Certid\u00e3o de Casamento: quando o comprovante estiver em nome do c\u00f4njuge;<\/li>\n<li>Contrato de Loca\u00e7\u00e3o: quando o contrato estiver em nome do aluno;<\/li>\n<li>Contrato de Loca\u00e7\u00e3o + Certid\u00e3o de Casamento: quando o contrato estiver em nome do c\u00f4njuge.<\/li>\n<\/ul>\n<p>Ser\u00e3o aceitos, conforme quantidade de vagas, os primeiros inscritos que cumprirem os requisitos acima. Casos pontuais poder\u00e3o ser analisados pela diretoria e d\u00favidas sobre a documenta\u00e7\u00e3o tamb\u00e9m poder\u00e3o ser esclarecidas por telefone ou diretamente na unidade. Inscri\u00e7\u00f5es excedentes ficar\u00e3o em lista de espera e ser\u00e3o convocadas somente em casos de desist\u00eancia.<\/p>\n<p>O curso de Costura voltado \u00e0 confec\u00e7\u00e3o de cal\u00e7as e bermudas masculinas come\u00e7ar\u00e1 no dia 25 de junho e terminar\u00e1 no dia 25 de julho. As aulas ser\u00e3o de segunda a sexta-feira, das 18h \u00e0s 22h, na Escola Senai \u201cConde Alexandre Siciliano\u201d (SENAI Jundia\u00ed), que est\u00e1 localizada na Rua Eng. Roberto Mange, 95, Anhangaba\u00fa. Informa\u00e7\u00f5es pelos telefones (11) 4521-2762, 4521-2929 e\u00a04521-6833.<\/p>\n<p><em>(Fonte: Prefeitura de Jundia\u00ed)<\/em><\/p>\n","protected":false},"excerpt":{"rendered":"<p>As senhas para as matr\u00edculas ser\u00e3o entregues por ordem de chegada, <\/p>\n","protected":false},"author":11,"featured_media":12098,"comment_status":"closed","ping_status":"closed","sticky":false,"template":"","format":"standard","meta":{"footnotes":""},"categories":[2834,2832,1],"tags":[639,258,61,154,556],"class_list":["post-12097","post","type-post","status-publish","format-standard","has-post-thumbnail","hentry","category-cidades","category-cursos","category-noticias","tag-corte-e-costura","tag-cursos","tag-fundo-social-de-solidariedade","tag-inscricoes","tag-noticias"],"_links":{"self":[{"href":"https:\/\/tvtecjundiai.com.br\/news\/wp-json\/wp\/v2\/posts\/12097","targetHints":{"allow":["GET"]}}],"collection":[{"href":"https:\/\/tvtecjundiai.com.br\/news\/wp-json\/wp\/v2\/posts"}],"about":[{"href":"https:\/\/tvtecjundiai.com.br\/news\/wp-json\/wp\/v2\/types\/post"}],"author":[{"embeddable":true,"href":"https:\/\/tvtecjundiai.com.br\/news\/wp-json\/wp\/v2\/users\/11"}],"replies":[{"embeddable":true,"href":"https:\/\/tvtecjundiai.com.br\/news\/wp-json\/wp\/v2\/comments?post=12097"}],"version-history":[{"count":1,"href":"https:\/\/tvtecjundiai.com.br\/news\/wp-json\/wp\/v2\/posts\/12097\/revisions"}],"predecessor-version":[{"id":12099,"href":"https:\/\/tvtecjundiai.com.br\/news\/wp-json\/wp\/v2\/posts\/12097\/revisions\/12099"}],"wp:featuredmedia":[{"embeddable":true,"href":"https:\/\/tvtecjundiai.com.br\/news\/wp-json\/wp\/v2\/media\/12098"}],"wp:attachment":[{"href":"https:\/\/tvtecjundiai.com.br\/news\/wp-json\/wp\/v2\/media?parent=12097"}],"wp:term":[{"taxonomy":"category","embeddable":true,"href":"https:\/\/tvtecjundiai.com.br\/news\/wp-json\/wp\/v2\/categories?post=12097"},{"taxonomy":"post_tag","embeddable":true,"href":"https:\/\/tvtecjundiai.com.br\/news\/wp-json\/wp\/v2\/tags?post=12097"}],"curies":[{"name":"wp","href":"https:\/\/api.w.org\/{rel}","templated":true}]}}