{"id":121249,"date":"2024-03-21T09:29:02","date_gmt":"2024-03-21T12:29:02","guid":{"rendered":"https:\/\/tvtecjundiai.com.br\/news\/?p=121249"},"modified":"2024-03-21T09:29:03","modified_gmt":"2024-03-21T12:29:03","slug":"desafio-do-consumo-consciente-e-visita-a-eta-marcam-inicio-da-semana-da-agua-na-dae","status":"publish","type":"post","link":"https:\/\/tvtecjundiai.com.br\/news\/2024\/03\/21\/desafio-do-consumo-consciente-e-visita-a-eta-marcam-inicio-da-semana-da-agua-na-dae\/","title":{"rendered":"Desafio do Consumo Consciente e visita \u00e0 ETA marcam in\u00edcio da Semana da \u00c1gua na DAE"},"content":{"rendered":"\n<p>Em celebra\u00e7\u00e3o ao Dia Mundial da \u00c1gua, comemorado em 22 de mar\u00e7o, a DAE Jundia\u00ed deu in\u00edcio \u00e0 programa\u00e7\u00e3o da Semana da \u00c1gua. Com palestras e rodas de conversa ao longo de toda a semana, a a\u00e7\u00e3o busca conscientizar e promover debates sobre sustentabilidade e resili\u00eancia h\u00eddrica.<\/p>\n\n\n\n<p>A programa\u00e7\u00e3o teve in\u00edcio nesta segunda-feira (18) com o lan\u00e7amento do Desafio do Consumo Consciente para os alunos do quinto ano da escola La Fontaine. A proposta \u00e9 ensinar as crian\u00e7as sobre a import\u00e2ncia da \u00e1gua e do consumo consciente de maneira divertida, por meio de um jogo de tabuleiro. O Desafio tamb\u00e9m ser\u00e1 realizado nas escolas The Joy, Anchieta e no Sesi.<\/p>\n\n\n<div class=\"wp-block-image\">\n<figure class=\"aligncenter\"><a href=\"https:\/\/jundiai.sp.gov.br\/noticias\/wp-content\/uploads\/sites\/32\/2024\/03\/consumo-consciente-escola-lafontaine-40.jpg\"><img decoding=\"async\" src=\"https:\/\/jundiai.sp.gov.br\/noticias\/wp-content\/uploads\/sites\/32\/2024\/03\/consumo-consciente-escola-lafontaine-40-1280x960.jpg\" alt=\"\" class=\"wp-image-341033\" \/><\/a><figcaption class=\"wp-element-caption\">A proposta \u00e9 ensinar as crian\u00e7as sobre a import\u00e2ncia da \u00e1gua e do consumo consciente de maneira divertida, por meio de um jogo de tabuleiro.<\/figcaption><\/figure>\n<\/div>\n\n\n<p>\u201c\u00c9 importante que a DAE traga essa tem\u00e1tica para as escolas, trabalhando a import\u00e2ncia da \u00e1gua com as crian\u00e7as\u201d, avalia a coordenadora da La Fontaine, Maria de Lourdes Quinelato. \u201cQueremos dar andamento a esse projeto e levar nossos alunos ao \u00c1guas de Jundia\u00ed, para que vivenciem essa mudan\u00e7a\u201d.<\/p>\n\n\n\n<p>Na ter\u00e7a-feira (19), o assessor de Pol\u00edticas de Saneamento da DAE Francisco Manoel Netto Soares conduziu uma visita t\u00e9cnica dos alunos do Senac \u00e0 Esta\u00e7\u00e3o de Tratamento de \u00c1gua do Anhangaba\u00fa (ETA-A). \u201dVisitar a ETA \u00e9 um complemento ao projeto que j\u00e1 realizamos em sala de aula com apoio do material recebido pela DAE. Ver o processo pessoalmente \u00e9 enriquecedor\u201d, disse a professora Vanessa Toledo.<\/p>\n\n\n<div class=\"wp-block-image\">\n<figure class=\"aligncenter\"><a href=\"https:\/\/jundiai.sp.gov.br\/noticias\/wp-content\/uploads\/sites\/32\/2024\/03\/visita_senac_eta-1.jpg\"><img decoding=\"async\" src=\"https:\/\/jundiai.sp.gov.br\/noticias\/wp-content\/uploads\/sites\/32\/2024\/03\/visita_senac_eta-1-1280x960.jpg\" alt=\"\" class=\"wp-image-341035\" \/><\/a><figcaption class=\"wp-element-caption\">A a\u00e7\u00e3o busca conscientizar e promover debates sobre sustentabilidade e resili\u00eancia h\u00eddrica.<\/figcaption><\/figure>\n<\/div>\n\n\n<p>Na DAE, o encarregado de Educa\u00e7\u00e3o Ambiental, Danilo Resende, conduziu uma roda de conversa sobre sustentabilidade h\u00eddrica com os servidores.<\/p>\n\n\n\n<p><strong>Programa\u00e7\u00e3o<br><\/strong><br>A programa\u00e7\u00e3o da Semana da \u00c1gua segue ao longo da semana com palestras na ETEC Vasco Ant\u00f4nio Venchiarutti (ETEVAV) e em uma empresa. Nesta quarta-feira (20), a equipe da Se\u00e7\u00e3o de Sustentabilidade se reuniu com aprendizes e estagi\u00e1rios para rodas de conversa.&nbsp;<\/p>\n\n\n<div class=\"wp-block-image\">\n<figure class=\"aligncenter\"><a href=\"https:\/\/jundiai.sp.gov.br\/noticias\/wp-content\/uploads\/sites\/32\/2024\/03\/roda-de-conversa_semana-da-agua-54.jpg\"><img decoding=\"async\" src=\"https:\/\/jundiai.sp.gov.br\/noticias\/wp-content\/uploads\/sites\/32\/2024\/03\/roda-de-conversa_semana-da-agua-54-1280x853.jpg\" alt=\"\" class=\"wp-image-341036\" \/><\/a><figcaption class=\"wp-element-caption\">Na DAE, o encarregado de Educa\u00e7\u00e3o Ambiental, Danilo Resende, conduziu uma roda de conversa sobre sustentabilidade h\u00eddrica com os servidores.<\/figcaption><\/figure>\n<\/div>\n\n\n<p>No dia 22, \u00e0s 8 horas, no Audit\u00f3rio Planeta \u00c1gua, a Diretoria de Assuntos Regulat\u00f3rios e Novos Neg\u00f3cios (DRN) trar\u00e1 especialistas da Ag\u00eancia Nacional de \u00c1guas e Saneamento B\u00e1sico (ANA) e da Ag\u00eancia Reguladora PCJ (ARES-PCJ) para falar sobre uso consciente da \u00e1gua no desenvolvimento social e regula\u00e7\u00e3o.<\/p>\n\n\n\n<p><em><strong>Fonte\/Imagem: Prefeitura de Jundia\u00ed<\/strong><\/em><\/p>\n","protected":false},"excerpt":{"rendered":"<p>A proposta \u00e9 ensinar as crian\u00e7as sobre a import\u00e2ncia da \u00e1gua <\/p>\n","protected":false},"author":24,"featured_media":121250,"comment_status":"closed","ping_status":"0","sticky":false,"template":"","format":"standard","meta":{"footnotes":""},"categories":[8405,8406,8356,1],"tags":[],"class_list":["post-121249","post","type-post","status-publish","format-standard","has-post-thumbnail","hentry","category-dae","category-dae-dae","category-jundiai","category-noticias"],"_links":{"self":[{"href":"https:\/\/tvtecjundiai.com.br\/news\/wp-json\/wp\/v2\/posts\/121249","targetHints":{"allow":["GET"]}}],"collection":[{"href":"https:\/\/tvtecjundiai.com.br\/news\/wp-json\/wp\/v2\/posts"}],"about":[{"href":"https:\/\/tvtecjundiai.com.br\/news\/wp-json\/wp\/v2\/types\/post"}],"author":[{"embeddable":true,"href":"https:\/\/tvtecjundiai.com.br\/news\/wp-json\/wp\/v2\/users\/24"}],"replies":[{"embeddable":true,"href":"https:\/\/tvtecjundiai.com.br\/news\/wp-json\/wp\/v2\/comments?post=121249"}],"version-history":[{"count":1,"href":"https:\/\/tvtecjundiai.com.br\/news\/wp-json\/wp\/v2\/posts\/121249\/revisions"}],"predecessor-version":[{"id":121251,"href":"https:\/\/tvtecjundiai.com.br\/news\/wp-json\/wp\/v2\/posts\/121249\/revisions\/121251"}],"wp:featuredmedia":[{"embeddable":true,"href":"https:\/\/tvtecjundiai.com.br\/news\/wp-json\/wp\/v2\/media\/121250"}],"wp:attachment":[{"href":"https:\/\/tvtecjundiai.com.br\/news\/wp-json\/wp\/v2\/media?parent=121249"}],"wp:term":[{"taxonomy":"category","embeddable":true,"href":"https:\/\/tvtecjundiai.com.br\/news\/wp-json\/wp\/v2\/categories?post=121249"},{"taxonomy":"post_tag","embeddable":true,"href":"https:\/\/tvtecjundiai.com.br\/news\/wp-json\/wp\/v2\/tags?post=121249"}],"curies":[{"name":"wp","href":"https:\/\/api.w.org\/{rel}","templated":true}]}}