{"id":121363,"date":"2024-03-24T10:25:02","date_gmt":"2024-03-24T13:25:02","guid":{"rendered":"https:\/\/tvtecjundiai.com.br\/news\/?p=121363"},"modified":"2024-03-25T17:22:09","modified_gmt":"2024-03-25T20:22:09","slug":"arborizacao-plano-municipal-garante-qualidade-e-ampliacao-de-programa-pe-de-arvore","status":"publish","type":"post","link":"https:\/\/tvtecjundiai.com.br\/news\/2024\/03\/24\/arborizacao-plano-municipal-garante-qualidade-e-ampliacao-de-programa-pe-de-arvore\/","title":{"rendered":"Amplia\u00e7\u00e3o do programa \u2018P\u00e9 de \u00c1rvore\u2019 ir\u00e1 plantar mais 600 mudas nos pr\u00f3ximos meses"},"content":{"rendered":"\n<p>Seja pela sombra \u2013 principal benef\u00edcio da arboriza\u00e7\u00e3o urbana \u2013 ou pela beleza que entregam \u00e0s vias, a as \u00e1rvores em vias p\u00fablicas de Jundia\u00ed passam a contar com um Plano Municipal especifico, aprovado pela C\u00e2mara Municipal, que al\u00e9m de definir diretrizes t\u00e9cnicas, tamb\u00e9m conta com estudo e \u00e1reas georreferenciadas para a amplia\u00e7\u00e3o das esp\u00e9cies em vias da cidade. A iniciativa converge com o programa P\u00e9 de \u00c1rvore, que receber\u00e1 mais 600 mudas nos pr\u00f3ximos meses e busca atender a um pedido das crian\u00e7as do Comit\u00ea das Crian\u00e7as de Jundia\u00ed pela maior arboriza\u00e7\u00e3o nas ruas e avenidas, com parceria da DAE Jundia\u00ed.<\/p>\n\n\n\n<p>De acordo com estudos da Embrapa Territorial, no Brasil, a arboriza\u00e7\u00e3o urbana ocupa menos de 1% de todo o territ\u00f3rio. Contudo, \u00e9 ocupada por 85% da popula\u00e7\u00e3o. Em Jundia\u00ed, 1\/3 da \u00e1rea \u00e9 ocupada pela Serra do Japi. J\u00e1 as \u00e1rvores em vias p\u00fablicas somam mais de 65 mil unidades espalhadas. No entanto, existem bairros com maior presen\u00e7a verde e outros, com poucas unidades. \u00c9 para preencher esta lacuna que o Plano Municipal atua.<\/p>\n\n\n\n<p>\u201cJundia\u00ed \u00e9 a Cidade das Crian\u00e7as, que tem qualidade de vida, n\u00e3o somente por contar com parque industrial e de servi\u00e7os p\u00fablicos completos e diversificados, como por preservar o meio ambiente. Ampliar a arboriza\u00e7\u00e3o urbana agregar\u00e1 ainda mais qualidade aos bairros, estimular\u00e1 a popula\u00e7\u00e3o a caminhar, favorecer\u00e1 a promo\u00e7\u00e3o da sa\u00fade e atender\u00e1 a um pedido das crian\u00e7as, que herdar\u00e3o a cidade\u201d, detalha o prefeito Luiz Fernando Machado.<\/p>\n\n\n\n<p>Os primeiros grandes plantios j\u00e1 com a legisla\u00e7\u00e3o em vigor ser\u00e3o as 600 mudas do programa P\u00e9 de \u00c1rvore, que ser\u00e3o realizadas ainda neste semestre. As mudas ser\u00e3o escolhidas conforme o crit\u00e9rio t\u00e9cnico e ambiental dispon\u00edvel no local do plantio, conforme explica o diretor do Departamento de Parques, Jardins e Pra\u00e7as, Rudislei Santos. \u201cExiste uma listagem de esp\u00e9cies que est\u00e3o aprovadas para o plantio na cidade. Cada uma tem a sua caracter\u00edstica e a necessidade em termos de solo, insola\u00e7\u00e3o, crescimento espa\u00e7o dispon\u00edvel em vias e cal\u00e7adas. A partir dessas vari\u00e1veis s\u00e3o selecionadas as esp\u00e9cies mais adequadas, com prioriza\u00e7\u00e3o para as nativas da mata atl\u00e2ntica e cerrado, j\u00e1 que Jundia\u00ed conta com os dois biomas\u201d, detalha.<\/p>\n\n\n\n<figure class=\"wp-block-image\"><img decoding=\"async\" src=\"https:\/\/jundiai.sp.gov.br\/noticias\/wp-content\/uploads\/sites\/32\/2024\/03\/ugpuma-e-dae-faz-plantio-de-arvores-na-rua-olivio-boa-parque-da-represa-programa-pe-de-arvore_fm_-18-1280x854.jpg\" alt=\"\" class=\"wp-image-341231\" \/><figcaption class=\"wp-element-caption\">Plantio de mudas do P\u00e9 de \u00c1rvore ser\u00e1 realizado em v\u00e1rios pontos da cidade<\/figcaption><\/figure>\n\n\n\n<p><strong>Novas Mudas<\/strong><\/p>\n\n\n\n<p>Inicialmente, as \u00e1rvores ser\u00e3o plantadas nos bairros Vila Alvorada, Ponte S\u00e3o Jo\u00e3o, Vila Rami, Caxambu, Jardim Tulipas, Cidade Luiza e Novo Horizonte, a partir do m\u00eas de abril. As \u00e1rvores atender\u00e3o aos pedidos dos mun\u00edcipes que solicitaram a inclus\u00e3o da arboriza\u00e7\u00e3o. J\u00e1 foram plantadas 1,3 mil exemplares nos bairros Novo Horizonte, Alvorada, Vila Liberdade, Vila Progresso, Ponte S\u00e3o Jo\u00e3o, Torres de S\u00e3o Jos\u00e9 entre outros.<\/p>\n\n\n\n<p>Para essas novas mudas, a parceria de plantio \u00e9 feita com a DAE Jundia\u00ed. De acordo com o Diretor de Mananciais, Martim Ribeiro, a participa\u00e7\u00e3o da empresa \u00e9 importante. \u201cA qualidade ambiental de uma cidade reflete em todos os segmentos. A DAE contribui com o P\u00e9 de \u00c1rvore para que a Cidade das Crian\u00e7as tenha mais ruas arborizadas, coloridas e sombreadas para as gera\u00e7\u00f5es\u201d, refor\u00e7a.<\/p>\n\n\n\n<p>Criado em 2021, o Programa P\u00e9 de \u00c1rvore promove o plantio de \u00e1rvores nas cal\u00e7adas em frente aos im\u00f3veis habilitados. A prepara\u00e7\u00e3o do local, plantio das mudas e instala\u00e7\u00e3o de placa de identifica\u00e7\u00e3o do programa ficam sob responsabilidade das Unidades de Gest\u00e3o da prefeitura.<\/p>\n\n\n\n<p>\u201cAl\u00e9m de deixar as ruas mais bonitas e o clima mais ameno, a arboriza\u00e7\u00e3o de cal\u00e7adas promove o sombreamento dos caminhos e estimula que crian\u00e7as e adultos andem mais a p\u00e9, ampliando os benef\u00edcios do programa. E \u00e9 uma importante medida de enfrentamento \u00e0s mudan\u00e7as clim\u00e1ticas\u201d, explicou a diretora de Urbanismo, Sylvia Angelini.&nbsp;<\/p>\n\n\n\n<figure class=\"wp-block-image\"><img decoding=\"async\" src=\"https:\/\/jundiai.sp.gov.br\/noticias\/wp-content\/uploads\/sites\/32\/2024\/03\/ugpuma-e-dae-faz-plantio-de-arvores-na-rua-olivio-boa-parque-da-represa-programa-pe-de-arvore_fm_-6-1280x854.jpg\" alt=\"\" class=\"wp-image-341232\" \/><figcaption class=\"wp-element-caption\">A escolha das esp\u00e9cies \u00e9 feita com base no espa\u00e7o, solo e ilumina\u00e7\u00e3o do local<\/figcaption><\/figure>\n\n\n\n<p><em>Fonte: Prefeitura de Jundia\u00ed<\/em><\/p>\n","protected":false},"excerpt":{"rendered":"<p>Jundia\u00ed tem mais de 65 mil \u00e1rvores nas vias p\u00fablicas.<\/p>\n","protected":false},"author":24,"featured_media":121364,"comment_status":"closed","ping_status":"0","sticky":false,"template":"","format":"standard","meta":{"footnotes":""},"categories":[8357,8391,8356],"tags":[],"class_list":["post-121363","post","type-post","status-publish","format-standard","has-post-thumbnail","hentry","category-gestao","category-infraestrutura","category-jundiai"],"_links":{"self":[{"href":"https:\/\/tvtecjundiai.com.br\/news\/wp-json\/wp\/v2\/posts\/121363","targetHints":{"allow":["GET"]}}],"collection":[{"href":"https:\/\/tvtecjundiai.com.br\/news\/wp-json\/wp\/v2\/posts"}],"about":[{"href":"https:\/\/tvtecjundiai.com.br\/news\/wp-json\/wp\/v2\/types\/post"}],"author":[{"embeddable":true,"href":"https:\/\/tvtecjundiai.com.br\/news\/wp-json\/wp\/v2\/users\/24"}],"replies":[{"embeddable":true,"href":"https:\/\/tvtecjundiai.com.br\/news\/wp-json\/wp\/v2\/comments?post=121363"}],"version-history":[{"count":2,"href":"https:\/\/tvtecjundiai.com.br\/news\/wp-json\/wp\/v2\/posts\/121363\/revisions"}],"predecessor-version":[{"id":121399,"href":"https:\/\/tvtecjundiai.com.br\/news\/wp-json\/wp\/v2\/posts\/121363\/revisions\/121399"}],"wp:featuredmedia":[{"embeddable":true,"href":"https:\/\/tvtecjundiai.com.br\/news\/wp-json\/wp\/v2\/media\/121364"}],"wp:attachment":[{"href":"https:\/\/tvtecjundiai.com.br\/news\/wp-json\/wp\/v2\/media?parent=121363"}],"wp:term":[{"taxonomy":"category","embeddable":true,"href":"https:\/\/tvtecjundiai.com.br\/news\/wp-json\/wp\/v2\/categories?post=121363"},{"taxonomy":"post_tag","embeddable":true,"href":"https:\/\/tvtecjundiai.com.br\/news\/wp-json\/wp\/v2\/tags?post=121363"}],"curies":[{"name":"wp","href":"https:\/\/api.w.org\/{rel}","templated":true}]}}