{"id":12211,"date":"2018-06-14T12:23:15","date_gmt":"2018-06-14T15:23:15","guid":{"rendered":"https:\/\/tvtecjundiai.com.br\/news\/?p=12211"},"modified":"2018-06-14T12:31:45","modified_gmt":"2018-06-14T15:31:45","slug":"dias-frios-e-umidos-chegam-a-jundiai","status":"publish","type":"post","link":"https:\/\/tvtecjundiai.com.br\/news\/2018\/06\/14\/dias-frios-e-umidos-chegam-a-jundiai\/","title":{"rendered":"Dias frios e \u00famidos chegam \u00e0 Jundia\u00ed"},"content":{"rendered":"<div id=\"attachment_12213\" style=\"width: 410px\" class=\"wp-caption alignright\"><a href=\"https:\/\/tvtecjundiai.com.br\/news\/wp-content\/uploads\/sites\/2\/2018\/06\/WhatsApp-Image-2018-06-11-at-10.14.55.jpeg\"><img loading=\"lazy\" decoding=\"async\" aria-describedby=\"caption-attachment-12213\" class=\"wp-image-12213\" src=\"https:\/\/tvtecjundiai.com.br\/news\/wp-content\/uploads\/sites\/2\/2018\/06\/WhatsApp-Image-2018-06-11-at-10.14.55-300x225.jpeg\" alt=\"\" width=\"400\" height=\"300\" srcset=\"https:\/\/tvtecjundiai.com.br\/news\/wp-content\/uploads\/sites\/2\/2018\/06\/WhatsApp-Image-2018-06-11-at-10.14.55-300x225.jpeg 300w, https:\/\/tvtecjundiai.com.br\/news\/wp-content\/uploads\/sites\/2\/2018\/06\/WhatsApp-Image-2018-06-11-at-10.14.55.jpeg 656w\" sizes=\"auto, (max-width: 400px) 100vw, 400px\" \/><\/a><p id=\"caption-attachment-12213\" class=\"wp-caption-text\">A queda nas temperaturas come\u00e7a nesta quinta-feira e segue, pelo menos, at\u00e9 domingo (17)<\/p><\/div>\n<p>As temperaturas na manh\u00e3 dessa quinta-feira (14) come\u00e7aram amenas, mas o\u00a0ar de origem polar chega \u00e0 Grande S\u00e3o Paulo ao longo do dia fazendo com que toda a regi\u00e3o esfrie bastante. A sensa\u00e7\u00e3o de frio ser\u00e1 grande \u00e0 tarde e mais ainda \u00e0 noite.<\/p>\n<p>A\u00a0forte esfriada come\u00e7a nesta quinta e vai at\u00e9 domingo. A falta do sol, por causa do excesso de nebulosidade, e os ventos moderados, v\u00e3o refor\u00e7ar a queda da temperatura provocada pela chegada do ar de origem polar.<\/p>\n<p>A temperatura nesta quinta-feira ser\u00e1 invertida: a tarde ser\u00e1 mais fria do que a madrugada. A menor temperatura do dia 14 de junho deve ocorrer \u00e0 noite, depois das 18h, e a tarde poder\u00e1 ter a menor temperatura m\u00e1xima na\u00a0cidade de S\u00e3o Paulo. O recorde poder\u00e1 ser batido sucessivamente at\u00e9 s\u00e1bado. Segundo o INMET, a menor temperatura m\u00e1xima em 2018 at\u00e9 agora \u00e9 de 17,4\u00b0C, em 4 de junho.<\/p>\n<p>Em Jundia\u00ed, as temperaturas tamb\u00e9m seguem mais frias pelo menos at\u00e9 o dia 23 de junho, com m\u00ednimas de 13\u00baC e m\u00e1ximas de 22\u00baC, em m\u00e9dia. Por enquanto, h\u00e1 previs\u00e3o de chuva somente para essa sexta (15), s\u00e1bado (16) e tamb\u00e9m para a quarta-feira, dia 23 de junho.<\/p>\n<div class=\"gmail_default\"><em>(Fonte: Climatempo)<\/em><\/div>\n","protected":false},"excerpt":{"rendered":"<p>Temperaturas devem continuar amenas pelo menos at\u00e9 23 de junho<\/p>\n","protected":false},"author":10,"featured_media":12213,"comment_status":"closed","ping_status":"closed","sticky":false,"template":"","format":"standard","meta":{"footnotes":""},"categories":[2834,3185,1],"tags":[3190,2920,5,2921,15],"class_list":["post-12211","post","type-post","status-publish","format-standard","has-post-thumbnail","hentry","category-cidades","category-clima","category-noticias","tag-climatempo","tag-frio","tag-jundiai","tag-previsao-do-tempo","tag-tvtec"],"_links":{"self":[{"href":"https:\/\/tvtecjundiai.com.br\/news\/wp-json\/wp\/v2\/posts\/12211","targetHints":{"allow":["GET"]}}],"collection":[{"href":"https:\/\/tvtecjundiai.com.br\/news\/wp-json\/wp\/v2\/posts"}],"about":[{"href":"https:\/\/tvtecjundiai.com.br\/news\/wp-json\/wp\/v2\/types\/post"}],"author":[{"embeddable":true,"href":"https:\/\/tvtecjundiai.com.br\/news\/wp-json\/wp\/v2\/users\/10"}],"replies":[{"embeddable":true,"href":"https:\/\/tvtecjundiai.com.br\/news\/wp-json\/wp\/v2\/comments?post=12211"}],"version-history":[{"count":4,"href":"https:\/\/tvtecjundiai.com.br\/news\/wp-json\/wp\/v2\/posts\/12211\/revisions"}],"predecessor-version":[{"id":12216,"href":"https:\/\/tvtecjundiai.com.br\/news\/wp-json\/wp\/v2\/posts\/12211\/revisions\/12216"}],"wp:featuredmedia":[{"embeddable":true,"href":"https:\/\/tvtecjundiai.com.br\/news\/wp-json\/wp\/v2\/media\/12213"}],"wp:attachment":[{"href":"https:\/\/tvtecjundiai.com.br\/news\/wp-json\/wp\/v2\/media?parent=12211"}],"wp:term":[{"taxonomy":"category","embeddable":true,"href":"https:\/\/tvtecjundiai.com.br\/news\/wp-json\/wp\/v2\/categories?post=12211"},{"taxonomy":"post_tag","embeddable":true,"href":"https:\/\/tvtecjundiai.com.br\/news\/wp-json\/wp\/v2\/tags?post=12211"}],"curies":[{"name":"wp","href":"https:\/\/api.w.org\/{rel}","templated":true}]}}