{"id":12472,"date":"2018-06-20T10:42:39","date_gmt":"2018-06-20T13:42:39","guid":{"rendered":"https:\/\/tvtecjundiai.com.br\/news\/?p=12472"},"modified":"2018-06-20T10:42:39","modified_gmt":"2018-06-20T13:42:39","slug":"sao-paulo-proibe-cancelas-nos-guiches-de-cobranca-automatica-dos-pedagios","status":"publish","type":"post","link":"https:\/\/tvtecjundiai.com.br\/news\/2018\/06\/20\/sao-paulo-proibe-cancelas-nos-guiches-de-cobranca-automatica-dos-pedagios\/","title":{"rendered":"S\u00e3o Paulo pro\u00edbe cancelas nos guich\u00eas de cobran\u00e7a autom\u00e1tica dos ped\u00e1gios"},"content":{"rendered":"<div class=\"mc-column content-text active-extra-styles active-capital-letter\" data-block-type=\"unstyled\" data-block-weight=\"39\" data-block-id=\"2\">\n<div id=\"attachment_12474\" style=\"width: 510px\" class=\"wp-caption alignright\"><a href=\"https:\/\/tvtecjundiai.com.br\/news\/wp-content\/uploads\/sites\/2\/2018\/06\/pedagio_com_radar.jpg\"><img loading=\"lazy\" decoding=\"async\" aria-describedby=\"caption-attachment-12474\" class=\"wp-image-12474\" src=\"https:\/\/tvtecjundiai.com.br\/news\/wp-content\/uploads\/sites\/2\/2018\/06\/pedagio_com_radar-300x189.jpg\" alt=\"\" width=\"500\" height=\"315\" srcset=\"https:\/\/tvtecjundiai.com.br\/news\/wp-content\/uploads\/sites\/2\/2018\/06\/pedagio_com_radar-300x189.jpg 300w, https:\/\/tvtecjundiai.com.br\/news\/wp-content\/uploads\/sites\/2\/2018\/06\/pedagio_com_radar-768x483.jpg 768w, https:\/\/tvtecjundiai.com.br\/news\/wp-content\/uploads\/sites\/2\/2018\/06\/pedagio_com_radar-1200x755.jpg 1200w, https:\/\/tvtecjundiai.com.br\/news\/wp-content\/uploads\/sites\/2\/2018\/06\/pedagio_com_radar.jpg 1300w\" sizes=\"auto, (max-width: 500px) 100vw, 500px\" \/><\/a><p id=\"caption-attachment-12474\" class=\"wp-caption-text\">As \u00fanicas barreiras para quem furar o ped\u00e1gio s\u00e3o a sinaliza\u00e7\u00e3o e a multa, que \u00e9 grave, tem valor de R$ 195,23 e registra cinco pontos na carteira de habilita\u00e7\u00e3o<\/p><\/div>\n<p class=\"content-text__container theme-color-primary-first-letter\" data-track-category=\"Link no Texto\" data-track-links=\"\">A partir da ter\u00e7a-feira (19) passa a valer uma lei aprovada pela Assembleia Legislativa de S\u00e3o Paulo que determina que as faixas de cobran\u00e7a autom\u00e1tica das rodovias estaduais n\u00e3o tenham cancelas, que devem ser substitu\u00eddas por sinaliza\u00e7\u00e3o luminosa e sonora.<\/p>\n<\/div>\n<div class=\"wall\">\n<div class=\"mc-column content-text active-extra-styles \" data-block-type=\"unstyled\" data-block-weight=\"61\" data-block-id=\"3\">\n<p class=\"content-text__container \" data-track-category=\"Link no Texto\" data-track-links=\"\">A justificativa para a cria\u00e7\u00e3o da lei foi a seguran\u00e7a dos motoristas, uma vez que quando carros e caminh\u00f5es param nas cancelas podem provocar acidentes, como engavetamentos. Com a nova determina\u00e7\u00e3o, as \u00fanicas barreiras para quem furar o ped\u00e1gio s\u00e3o a sinaliza\u00e7\u00e3o e a multa, que \u00e9 grave, tem valor de R$ 195,23 e registra cinco pontos na carteira de habilita\u00e7\u00e3o.<\/p>\n<\/div>\n<div class=\"mc-column content-text active-extra-styles \" data-block-type=\"unstyled\" data-block-weight=\"48\" data-block-id=\"4\">\n<p class=\"content-text__container \" data-track-category=\"Link no Texto\" data-track-links=\"\">De acordo com a Ag\u00eancia de Transporte do Estado de S\u00e3o Paulo (Artesp), de janeiro a maio deste ano foram registradas 627.897 infra\u00e7\u00f5es. As fugas de cobran\u00e7a foram maiores no complexo Anhanguera-Bandeirantes, seguido pelo sistema Castello Branco &#8211; Raposo Tavares e por \u00faltimo do trecho oeste do Rodoanel.<\/p>\n<\/div>\n<div class=\"mc-column content-text active-extra-styles \" data-block-type=\"unstyled\" data-block-weight=\"27\" data-block-id=\"5\">\n<p class=\"content-text__container \" data-track-category=\"Link no Texto\" data-track-links=\"\">No Rodoanel, por exemplo, as cancelas j\u00e1 foram substitu\u00eddas pela nova sinaliza\u00e7\u00e3o. At\u00e9 o fim desta ter\u00e7a as cancelas ainda n\u00e3o haviam sido retiradas do sistema Anchieta-Imigrantes.<\/p>\n<\/div>\n<div class=\"mc-column content-text active-extra-styles \" data-block-type=\"unstyled\" data-block-weight=\"69\" data-block-id=\"6\">\n<p class=\"content-text__container \" data-track-category=\"Link no Texto\" data-track-links=\"\">Nesse novo esquema de funcionamento, se algum motorista tenta ultrapassar sem estar regularizado, acende uma luz e um sinal sonoro \u00e9 emitido, o carro tem que parar e o fiscal confere se h\u00e1 algum problema. As c\u00e2meras registram os ve\u00edculos que passam direto e, com as imagens a Pol\u00edcia Rodovi\u00e1ria, pode aplicar a multa. N\u00e3o h\u00e1, entretanto, fiscaliza\u00e7\u00e3o do limite de velocidade do ped\u00e1gio, que \u00e9 de 40 km\/h.<\/p>\n<\/div>\n<\/div>\n<div data-track-category=\"fim do conteudo\" data-track-action=\"ultimo chunk conteudo\" data-track-noninteraction=\"false\" data-track-scroll=\"entrada completa viewport\">\n<div class=\"mc-column content-text active-extra-styles \" data-block-type=\"unstyled\" data-block-weight=\"69\" data-block-id=\"7\">\n<p class=\"content-text__container \" data-track-category=\"Link no Texto\" data-track-links=\"\">A Associa\u00e7\u00e3o Brasileira de Concession\u00e1rias de Rodovias (ABCR) informou que vai propor ao Tribunal de Justi\u00e7a do Estado uma a\u00e7\u00e3o direta de inconstitucionalidade, j\u00e1 que a lei invade o campo de atua\u00e7\u00e3o pr\u00f3prio de administra\u00e7\u00e3o p\u00fablica. Ainda disse que em 2016 o ent\u00e3o Governador Geraldo Alckmin vetou o projeto que deu origem a lei e que as concession\u00e1rias registram uma extrema preocupa\u00e7\u00e3o em rela\u00e7\u00e3o ao aumento potencial de acidentes.<\/p>\n<p data-track-category=\"Link no Texto\" data-track-links=\"\"><em>(Fonte: G1)<\/em><\/p>\n<\/div>\n<\/div>\n","protected":false},"excerpt":{"rendered":"<p>Cancelas devem ser retiradas e substitu\u00eddas por sinaliza\u00e7\u00e3o luminosa e sonora<\/p>\n","protected":false},"author":10,"featured_media":12473,"comment_status":"closed","ping_status":"closed","sticky":false,"template":"","format":"standard","meta":{"footnotes":""},"categories":[1],"tags":[1903,5,3315,3468,15],"class_list":["post-12472","post","type-post","status-publish","format-standard","has-post-thumbnail","hentry","category-noticias","tag-brasil","tag-jundiai","tag-pedagio","tag-sem-parar","tag-tvtec"],"_links":{"self":[{"href":"https:\/\/tvtecjundiai.com.br\/news\/wp-json\/wp\/v2\/posts\/12472","targetHints":{"allow":["GET"]}}],"collection":[{"href":"https:\/\/tvtecjundiai.com.br\/news\/wp-json\/wp\/v2\/posts"}],"about":[{"href":"https:\/\/tvtecjundiai.com.br\/news\/wp-json\/wp\/v2\/types\/post"}],"author":[{"embeddable":true,"href":"https:\/\/tvtecjundiai.com.br\/news\/wp-json\/wp\/v2\/users\/10"}],"replies":[{"embeddable":true,"href":"https:\/\/tvtecjundiai.com.br\/news\/wp-json\/wp\/v2\/comments?post=12472"}],"version-history":[{"count":2,"href":"https:\/\/tvtecjundiai.com.br\/news\/wp-json\/wp\/v2\/posts\/12472\/revisions"}],"predecessor-version":[{"id":12476,"href":"https:\/\/tvtecjundiai.com.br\/news\/wp-json\/wp\/v2\/posts\/12472\/revisions\/12476"}],"wp:featuredmedia":[{"embeddable":true,"href":"https:\/\/tvtecjundiai.com.br\/news\/wp-json\/wp\/v2\/media\/12473"}],"wp:attachment":[{"href":"https:\/\/tvtecjundiai.com.br\/news\/wp-json\/wp\/v2\/media?parent=12472"}],"wp:term":[{"taxonomy":"category","embeddable":true,"href":"https:\/\/tvtecjundiai.com.br\/news\/wp-json\/wp\/v2\/categories?post=12472"},{"taxonomy":"post_tag","embeddable":true,"href":"https:\/\/tvtecjundiai.com.br\/news\/wp-json\/wp\/v2\/tags?post=12472"}],"curies":[{"name":"wp","href":"https:\/\/api.w.org\/{rel}","templated":true}]}}