{"id":12524,"date":"2018-06-21T09:05:55","date_gmt":"2018-06-21T12:05:55","guid":{"rendered":"https:\/\/tvtecjundiai.com.br\/news\/?p=12524"},"modified":"2018-06-21T09:07:11","modified_gmt":"2018-06-21T12:07:11","slug":"praca-do-coreto-tem-mais-festejos-juninos-a-partir-desta-sexta-22","status":"publish","type":"post","link":"https:\/\/tvtecjundiai.com.br\/news\/2018\/06\/21\/praca-do-coreto-tem-mais-festejos-juninos-a-partir-desta-sexta-22\/","title":{"rendered":"Pra\u00e7a do Coreto tem mais Festejos Juninos a partir desta sexta (22)"},"content":{"rendered":"<div id=\"attachment_12525\" style=\"width: 460px\" class=\"wp-caption alignright\"><a href=\"https:\/\/tvtecjundiai.com.br\/news\/wp-content\/uploads\/sites\/2\/2018\/06\/festa-junina-4-2.jpg\"><img loading=\"lazy\" decoding=\"async\" aria-describedby=\"caption-attachment-12525\" class=\"wp-image-12525\" src=\"https:\/\/tvtecjundiai.com.br\/news\/wp-content\/uploads\/sites\/2\/2018\/06\/festa-junina-4-2-300x216.jpg\" alt=\"\" width=\"450\" height=\"324\" srcset=\"https:\/\/tvtecjundiai.com.br\/news\/wp-content\/uploads\/sites\/2\/2018\/06\/festa-junina-4-2-300x216.jpg 300w, https:\/\/tvtecjundiai.com.br\/news\/wp-content\/uploads\/sites\/2\/2018\/06\/festa-junina-4-2-768x553.jpg 768w, https:\/\/tvtecjundiai.com.br\/news\/wp-content\/uploads\/sites\/2\/2018\/06\/festa-junina-4-2-1200x864.jpg 1200w, https:\/\/tvtecjundiai.com.br\/news\/wp-content\/uploads\/sites\/2\/2018\/06\/festa-junina-4-2.jpg 1280w\" sizes=\"auto, (max-width: 450px) 100vw, 450px\" \/><\/a><p id=\"caption-attachment-12525\" class=\"wp-caption-text\">Jundiaienses poder\u00e3o prestigiar gastronomia, cultura e muita divers\u00e3o nos Festejos<\/p><\/div>\n<p>Os Festejos Juninos deste ano chegam ao seu segundo final de semana nesta sexta-feira (22), das 18h \u00e0s 22h, e neste s\u00e1bado (23), das 10h \u00e0s 20h. As atra\u00e7\u00f5es musicais diversificadas foram pensadas pela Unidade de Gest\u00e3o de Cultura (UGC) a fim de contemplar as tradi\u00e7\u00f5es juninas de diferentes regi\u00f5es do pa\u00eds e a divers\u00e3o fica por conta das barracas de brincadeiras juninas, como pesca e bola na boca do palha\u00e7o, viabilizadas pelo Fundo Social de Solidariedade (Funss).<\/p>\n<p>Na sexta-feira (22), as atra\u00e7\u00f5es musicais come\u00e7am com DJ Piggy, a partir das 18h, e prosseguem com as sanfonas e m\u00fasicas t\u00edpicas de Z\u00e9 Orlando, a partir das 19h30, e o sertanejo raiz de Lu\u00eds Carreiro &amp; Giovane e banda a partir das 21h. O Conselho Municipal de Pol\u00edticas sobre Drogas (Comad) realizar\u00e1 tamb\u00e9m ao longo da noite um trabalho de preven\u00e7\u00e3o e conscientiza\u00e7\u00e3o, como parte da 3\u00aa Semana de Reflex\u00e3o sobre Drogas.<\/p>\n<p>J\u00e1 no s\u00e1bado (23), a programa\u00e7\u00e3o tem quadrilha \u00e0s 11h, a sanfona e as m\u00fasicas t\u00edpicas de Z\u00e9 Orlando \u00e0s 12h, DJ Piggy \u00e0s 13h, Encantos do Brasil Sert\u00e3o, com Daniel Francisc\u00e3o \u00e0s 15h, sertanejo raiz de Marina &amp; Gabriel \u00e0s 17h e o forr\u00f3 nordestino e p\u00e9 de serra de Zimbai\u00e3o \u00e0s 18h30.<\/p>\n<p>Quem for \u00e0 Pra\u00e7a do Coreto poder\u00e1 tamb\u00e9m prestigiar a gastronomia das barracas de alimenta\u00e7\u00e3o da comunidade de jovens da Catedral Nossa Senhora do Desterro, com pasteis, batata frita, cuscuz de colher, lanches de lingui\u00e7a e calabresa, milho verde, al\u00e9m de vinho quente e quent\u00e3o e das sobremesas, como canjica, pa\u00e7oca de colher, arroz doce, cocada, queijadinha, morango com chocolate e doces derivados de milho.<\/p>\n<p>Os artistas do Jundia\u00ed feito \u00e0 M\u00e3o, ligado \u00e0 Unidade de Gest\u00e3o de Agroneg\u00f3cio, Abastecimento e turismo (UGAAT), tamb\u00e9m marcam presen\u00e7a nos festejos com o melhor do artesanato.<\/p>\n<p><strong>Mais Festejos<\/strong><br \/>\nA programa\u00e7\u00e3o segue ainda por mais um fim de semana, na sexta-feira (29), das 18h \u00e0s 22h, e no s\u00e1bado (30), das 10h \u00e0s 20h.<\/p>\n<p><em>(Fonte: Prefeitura de Jundia\u00ed)<\/em><\/p>\n","protected":false},"excerpt":{"rendered":"<p>A programa\u00e7\u00e3o segue ainda na sexta-feira (29) e s\u00e1bado (30)<\/p>\n","protected":false},"author":10,"featured_media":12525,"comment_status":"closed","ping_status":"closed","sticky":false,"template":"","format":"standard","meta":{"footnotes":""},"categories":[2834,2833,29],"tags":[3357,5,15],"class_list":["post-12524","post","type-post","status-publish","format-standard","has-post-thumbnail","hentry","category-cidades","category-cultura","category-destaque","tag-festa-junina","tag-jundiai","tag-tvtec"],"_links":{"self":[{"href":"https:\/\/tvtecjundiai.com.br\/news\/wp-json\/wp\/v2\/posts\/12524","targetHints":{"allow":["GET"]}}],"collection":[{"href":"https:\/\/tvtecjundiai.com.br\/news\/wp-json\/wp\/v2\/posts"}],"about":[{"href":"https:\/\/tvtecjundiai.com.br\/news\/wp-json\/wp\/v2\/types\/post"}],"author":[{"embeddable":true,"href":"https:\/\/tvtecjundiai.com.br\/news\/wp-json\/wp\/v2\/users\/10"}],"replies":[{"embeddable":true,"href":"https:\/\/tvtecjundiai.com.br\/news\/wp-json\/wp\/v2\/comments?post=12524"}],"version-history":[{"count":3,"href":"https:\/\/tvtecjundiai.com.br\/news\/wp-json\/wp\/v2\/posts\/12524\/revisions"}],"predecessor-version":[{"id":12530,"href":"https:\/\/tvtecjundiai.com.br\/news\/wp-json\/wp\/v2\/posts\/12524\/revisions\/12530"}],"wp:featuredmedia":[{"embeddable":true,"href":"https:\/\/tvtecjundiai.com.br\/news\/wp-json\/wp\/v2\/media\/12525"}],"wp:attachment":[{"href":"https:\/\/tvtecjundiai.com.br\/news\/wp-json\/wp\/v2\/media?parent=12524"}],"wp:term":[{"taxonomy":"category","embeddable":true,"href":"https:\/\/tvtecjundiai.com.br\/news\/wp-json\/wp\/v2\/categories?post=12524"},{"taxonomy":"post_tag","embeddable":true,"href":"https:\/\/tvtecjundiai.com.br\/news\/wp-json\/wp\/v2\/tags?post=12524"}],"curies":[{"name":"wp","href":"https:\/\/api.w.org\/{rel}","templated":true}]}}