{"id":12535,"date":"2018-06-21T09:36:10","date_gmt":"2018-06-21T12:36:10","guid":{"rendered":"https:\/\/tvtecjundiai.com.br\/news\/?p=12535"},"modified":"2018-06-21T09:36:10","modified_gmt":"2018-06-21T12:36:10","slug":"inscricoes-para-concurso-publico-se-encerram-no-proximo-dia-28-de-junho","status":"publish","type":"post","link":"https:\/\/tvtecjundiai.com.br\/news\/2018\/06\/21\/inscricoes-para-concurso-publico-se-encerram-no-proximo-dia-28-de-junho\/","title":{"rendered":"Inscri\u00e7\u00f5es para concurso p\u00fablico se encerram no pr\u00f3ximo dia 28 de junho"},"content":{"rendered":"<p>Os interessados em participar do concurso p\u00fablico para as vagas de Assistente de Administra\u00e7\u00e3o, T\u00e9cnico de Enfermagem e M\u00e9dicos Cl\u00ednico Geral (UBS), Ginecologista e Obstetra, Infectologista, Neuropediatra e Reumatologista t\u00eam at\u00e9 o dia 28 de junho para se inscrever e disputar as vagas oferecidas pela Unidade de Gest\u00e3o de Promo\u00e7\u00e3o da Sa\u00fade (UGPS).<\/p>\n<div id=\"attachment_12539\" style=\"width: 377px\" class=\"wp-caption alignleft\"><a href=\"https:\/\/tvtecjundiai.com.br\/news\/wp-content\/uploads\/sites\/2\/2018\/06\/dr-aline-mendes-com-a-bebe-emanuelly-cristina-de-lima-santana-20.jpg\"><img loading=\"lazy\" decoding=\"async\" aria-describedby=\"caption-attachment-12539\" class=\"wp-image-12539\" src=\"https:\/\/tvtecjundiai.com.br\/news\/wp-content\/uploads\/sites\/2\/2018\/06\/dr-aline-mendes-com-a-bebe-emanuelly-cristina-de-lima-santana-20-300x237.jpg\" alt=\"\" width=\"367\" height=\"290\" srcset=\"https:\/\/tvtecjundiai.com.br\/news\/wp-content\/uploads\/sites\/2\/2018\/06\/dr-aline-mendes-com-a-bebe-emanuelly-cristina-de-lima-santana-20-300x237.jpg 300w, https:\/\/tvtecjundiai.com.br\/news\/wp-content\/uploads\/sites\/2\/2018\/06\/dr-aline-mendes-com-a-bebe-emanuelly-cristina-de-lima-santana-20-768x607.jpg 768w, https:\/\/tvtecjundiai.com.br\/news\/wp-content\/uploads\/sites\/2\/2018\/06\/dr-aline-mendes-com-a-bebe-emanuelly-cristina-de-lima-santana-20-1200x949.jpg 1200w, https:\/\/tvtecjundiai.com.br\/news\/wp-content\/uploads\/sites\/2\/2018\/06\/dr-aline-mendes-com-a-bebe-emanuelly-cristina-de-lima-santana-20.jpg 1280w\" sizes=\"auto, (max-width: 367px) 100vw, 367px\" \/><\/a><p id=\"caption-attachment-12539\" class=\"wp-caption-text\">A prova ser\u00e1 realizada pelo Instituto Brasileiro de Administra\u00e7\u00e3o Municipal<\/p><\/div>\n<p>\u201cJundia\u00ed \u00e9 uma cidade que conta com plano de carreira para os servidores p\u00fablicos. Esses cargos que estamos selecionando s\u00e3o para atua\u00e7\u00e3o direta nos equipamentos de Sa\u00fade e, a previs\u00e3o para in\u00edcio da contrata\u00e7\u00e3o \u00e9 o m\u00eas de agosto, para a recomposi\u00e7\u00e3o dos quadros de Recursos Humanos.<\/p>\n<p>O servidor de carreira de Jundia\u00ed conta com um plano de crescimento s\u00f3lido. Sou concursado e estou na administra\u00e7\u00e3o p\u00fablica de Jundia\u00ed h\u00e1 5 anos\u201d, detalha o gestor da UGPS, Tiago Texera.<\/p>\n<p>O processo foi iniciado no dia 23 de maio e se encerra no dia 28 de junho, pelo site\u00a0<a href=\"http:\/\/www.ibamsp-concursos.org.br\/\" target=\"_blank\" rel=\"noopener\">www.ibamsp-concursos.org.br<\/a>. A taxa de inscri\u00e7\u00e3o varia de R$ 65 a R$ 95, dependendo do cargo.<\/p>\n<p>A aplica\u00e7\u00e3o a prova est\u00e1 prevista para o dia 22 de julho de 2018. Todo o edital est\u00e1 dispon\u00edvel\u00a0<a href=\"https:\/\/jundiai.sp.gov.br\/administracao-e-gestao-de-pessoas\/concursos\/\" target=\"_blank\" rel=\"noopener\">neste link<\/a>.<\/p>\n<p><em>(Fonte: Prefeitura de Jundia\u00ed)<\/em><\/p>\n","protected":false},"excerpt":{"rendered":"<p>Os sal\u00e1rios variam de R$ 2.702,62 at\u00e9 R$ 6.434,74 <\/p>\n","protected":false},"author":11,"featured_media":12539,"comment_status":"closed","ping_status":"closed","sticky":false,"template":"","format":"standard","meta":{"footnotes":""},"categories":[2834,1],"tags":[3472,2844,3473,107,50],"class_list":["post-12535","post","type-post","status-publish","format-standard","has-post-thumbnail","hentry","category-cidades","category-noticias","tag-assistente-de-administracao","tag-concurso-publico","tag-medico","tag-prefeitura-de-jundiai","tag-ubs"],"_links":{"self":[{"href":"https:\/\/tvtecjundiai.com.br\/news\/wp-json\/wp\/v2\/posts\/12535","targetHints":{"allow":["GET"]}}],"collection":[{"href":"https:\/\/tvtecjundiai.com.br\/news\/wp-json\/wp\/v2\/posts"}],"about":[{"href":"https:\/\/tvtecjundiai.com.br\/news\/wp-json\/wp\/v2\/types\/post"}],"author":[{"embeddable":true,"href":"https:\/\/tvtecjundiai.com.br\/news\/wp-json\/wp\/v2\/users\/11"}],"replies":[{"embeddable":true,"href":"https:\/\/tvtecjundiai.com.br\/news\/wp-json\/wp\/v2\/comments?post=12535"}],"version-history":[{"count":1,"href":"https:\/\/tvtecjundiai.com.br\/news\/wp-json\/wp\/v2\/posts\/12535\/revisions"}],"predecessor-version":[{"id":12542,"href":"https:\/\/tvtecjundiai.com.br\/news\/wp-json\/wp\/v2\/posts\/12535\/revisions\/12542"}],"wp:featuredmedia":[{"embeddable":true,"href":"https:\/\/tvtecjundiai.com.br\/news\/wp-json\/wp\/v2\/media\/12539"}],"wp:attachment":[{"href":"https:\/\/tvtecjundiai.com.br\/news\/wp-json\/wp\/v2\/media?parent=12535"}],"wp:term":[{"taxonomy":"category","embeddable":true,"href":"https:\/\/tvtecjundiai.com.br\/news\/wp-json\/wp\/v2\/categories?post=12535"},{"taxonomy":"post_tag","embeddable":true,"href":"https:\/\/tvtecjundiai.com.br\/news\/wp-json\/wp\/v2\/tags?post=12535"}],"curies":[{"name":"wp","href":"https:\/\/api.w.org\/{rel}","templated":true}]}}