{"id":125722,"date":"2025-01-24T09:05:13","date_gmt":"2025-01-24T12:05:13","guid":{"rendered":"https:\/\/tvtecjundiai.com.br\/news\/?p=125722"},"modified":"2025-01-24T09:05:13","modified_gmt":"2025-01-24T12:05:13","slug":"comeca-oficialmente-a-festa-da-uva-e-a-expo-vinhos-de-jundiai","status":"publish","type":"post","link":"https:\/\/tvtecjundiai.com.br\/news\/2025\/01\/24\/comeca-oficialmente-a-festa-da-uva-e-a-expo-vinhos-de-jundiai\/","title":{"rendered":"Come\u00e7a oficialmente a Festa da Uva e a Expo Vinhos de Jundia\u00ed"},"content":{"rendered":"\n<p>Com uma cerim\u00f4nia oficial repleta das tradi\u00e7\u00f5es, m\u00fasicas, aromas e sabores que invadem o Parque da Uva esta \u00e9poca do ano, a Prefeitura de Jundia\u00ed, em parceria da Associa\u00e7\u00e3o Agr\u00edcola, abriu oficialmente na noite desta quinta-feira (23) a&nbsp;<a href=\"https:\/\/festadauva.jundiai.sp.gov.br\/\" target=\"_blank\" rel=\"noreferrer noopener\">40\u00aa Festa da Uva e 11\u00aa Expo Vinhos 2025<\/a>.<\/p>\n\n\n\n<p>Unindo tradi\u00e7\u00e3o e novidades, uma das mais aguardadas comemora\u00e7\u00f5es de Jundia\u00ed chegou oficialmente aos seus 91 anos, celebrando o surgimento da&nbsp;<a href=\"https:\/\/festadauva.jundiai.sp.gov.br\/uva-niagara-rosada-de-jundiahy\/\" target=\"_blank\" rel=\"noreferrer noopener\">Uva Niagara Rosada de Jundiahy<\/a>&nbsp;e o t\u00edtulo de \u201cTerra da Uva\u201d para o Munic\u00edpio.<\/p>\n\n\n\n<p><a href=\"https:\/\/www.flickr.com\/photos\/prefeituradejundiai\/albums\/72177720323383284\/\" target=\"_blank\" rel=\"noreferrer noopener\">CONFIRA AS FOTOS DA CERIM\u00d4NIA DE ABERTURA<\/a><\/p>\n\n\n\n<figure class=\"wp-block-image\"><a href=\"https:\/\/jundiai.sp.gov.br\/noticias\/wp-content\/uploads\/sites\/32\/2025\/01\/abertura_40_festa_da_uva-2-3-1280x854.jpg\"><img decoding=\"async\" src=\"https:\/\/jundiai.sp.gov.br\/noticias\/wp-content\/uploads\/sites\/32\/2025\/01\/abertura_40_festa_da_uva-2-3-1280x854.jpg\" alt=\"\" class=\"wp-image-352370\" \/><\/a><figcaption class=\"wp-element-caption\">Com o tema \u201cPaix\u00e3o de Jundia\u00ed\u201d, Festa foi oficialmente aberta em cerim\u00f4nia no Parque da Uva<\/figcaption><\/figure>\n\n\n\n<p>Em mais esta edi\u00e7\u00e3o, o fomento \u00e0 produ\u00e7\u00e3o agr\u00edcola, vin\u00edcola e art\u00edstica local continua sendo uma marca da Festa, com a presen\u00e7a das adegas na Vila do Vinho, dos bairros rurais na Vila das Frutas, dos artistas jundiaienses do receptivo da Casa do Colono e nas atra\u00e7\u00f5es musicais dos cinco palcos do parque, al\u00e9m da presen\u00e7a dos bairros da cidade no Emp\u00f3rio Jundia\u00ed, os artes\u00e3os e demais produtores do Jundia\u00ed feito \u00e0 M\u00e3o e Galp\u00e3o Critativo, e a presen\u00e7a das barracas das entidades socioassistenciais.<\/p>\n\n\n\n<p>\u201cChegou o momento t\u00e3o aguardado de celebrar a nossa Cultura, nossa Hist\u00f3ria e nossa gente. Esta \u00e9 mais do que uma Festa. Ela \u00e9 o cart\u00e3o postal de Jundia\u00ed, que leva o nome do nosso Munic\u00edpio para o Brasil e para o mundo. E aqui refor\u00e7amos o nosso compromisso, de tornar a festa cada vez maior e melhor, valorizando os produtores, as entidades e as fam\u00edlias\u201d, comentou o prefeito Gustavo Martinelli, acompanhado do vice-prefeito, Ricardo Benassi; da presidente do Fundo Social de Solidariedade, Ellen Camila Martinelli; e de Ana Paula Benassi.<\/p>\n\n\n\n<p>A gestora de Agroneg\u00f3cio, Abastecimento e Turismo, Marcela Moro. \u201cA Festa da Uva e Expo Vinhos \u00e9 uma pol\u00edtica p\u00fablica de fomento \u00e0 produ\u00e7\u00e3o e ao Turismo locais e que traz a cada edi\u00e7\u00e3o uma trajet\u00f3ria de crescimento, fortalecimento e inova\u00e7\u00e3o. No compromisso de honrar os nossos agricultores, os guardi\u00f5es da Uva Niagara Rosada, nossa preciosidade e cara de Jundia\u00ed, destacamos as import\u00e2ncias de todas as comunidades que contribu\u00edram para o crescimento da nossa cidade, com destaque especial nesta edi\u00e7\u00e3o com a participa\u00e7\u00e3o da Rota Tur\u00edstica Afro do Munic\u00edpio\u201d, comentou a gestora, destinando agradecimentos especiais \u00e0 sua equipe.<\/p>\n\n\n\n<p>A gestora de Cultura, Clarina Fasanaro, falou da import\u00e2ncia da valoriza\u00e7\u00e3o do artista. \u201cA Festa da Uva e Expo Vinhos \u00e9 a Festa que n\u00f3s amamos. Nosso objetivo com ela \u00e9 o de oferecer ao artista local o que h\u00e1 de melhor, colocando-o no lugar de brilho que ele merece. Tudo isso num ambiente de confraterniza\u00e7\u00e3o, diversidade e op\u00e7\u00f5es de gostos e estilos que agradem a todos os tipos de p\u00fablicos.\u201d<\/p>\n\n\n\n<figure class=\"wp-block-image\"><a href=\"https:\/\/jundiai.sp.gov.br\/noticias\/wp-content\/uploads\/sites\/32\/2025\/01\/abertura_40_festa_da_uva-3-2-1280x854.jpg\"><img decoding=\"async\" src=\"https:\/\/jundiai.sp.gov.br\/noticias\/wp-content\/uploads\/sites\/32\/2025\/01\/abertura_40_festa_da_uva-3-2-1280x854.jpg\" alt=\"\" class=\"wp-image-352371\" \/><\/a><figcaption class=\"wp-element-caption\">Corte da Uva marcou presen\u00e7a na Festa, antes mesmo da cerim\u00f4nia, interagiu com os atores do receptivo da Casa do Colono<\/figcaption><\/figure>\n\n\n\n<p>Representando a Corte da Uva desta edi\u00e7\u00e3o, a Rainha Beatriz Vioti Zuim recebeu do prefeito a Chave da Cidade e declarou a Festa oficialmente aberta e, acompanhada da 1\u00aa Princesa Maria J\u00falia da Silva e da 2\u00aa Princesa Larissa Souza, a primeira Pisa da Uva desta edi\u00e7\u00e3o. Uma de suas atra\u00e7\u00f5es mais tradicionais, a Pisa recorda um dos m\u00e9todos artesanais de produ\u00e7\u00e3o de vinho e se repetir\u00e1 sempre aos s\u00e1bados e domingos da Festa, a partir das 14h, tamb\u00e9m em frente ao palco interno, na Vila do Vinho.<\/p>\n\n\n\n<p>Tamb\u00e9m participaram da cerim\u00f4nia o presidente da Associa\u00e7\u00e3o Agr\u00edcola de Jundia\u00ed, Rene Tomasetto; o presidente da C\u00e2mara Municipal, Edicarlos Vieira, e demais vereadores; O bispo Diocesano Dom Arnaldo Carvalheiro; o presidente do Circuito das Frutas, Rog\u00e9rio Cavalin, prefeito de Itupeva; o deputado Lucas Bove, da Frente Parlamentar de Apoio \u00e0 Vitivinicultura e ao Desenvolvimento do Enoturismo Paulista; a secret\u00e1ria-executiva Luciane Leite, representando a Secretaria Estadual de Turismo e Viagens; al\u00e9m de prefeitos da regi\u00e3o, representantes de secretarias do Governo estadual, gestores da Prefeitura, al\u00e9m de Rainhas e Princesas da Corte da Uva de edi\u00e7\u00f5es anteriores<\/p>\n\n\n\n<p><strong>Mais Festa<br><\/strong>Esta edi\u00e7\u00e3o da festa segue por quatro finais de semana, nos dias 24, 25, 26 e 31 de janeiro e 01, 02, 07, 08, 09, 14, 15 e 16 de fevereiro, com os seguintes hor\u00e1rios: \u00e0s sextas-feiras, das 18h \u00e0s 22h; aos s\u00e1bados, das 10h \u00e0s 22h; e aos domingos, das 10h \u00e0s 21h.<\/p>\n\n\n\n<p>O Parque Comendador Ant\u00f4nio Carbonari (Parque da Uva) fica na avenida Jundia\u00ed, s\/n \u2013 Anhangaba\u00fa. A entrada \u00e9 gratuita e ingresso solid\u00e1rio por meio de doa\u00e7\u00e3o de alimento n\u00e3o perec\u00edvel para destina\u00e7\u00e3o ao Fundo Social de Solidariedade.<\/p>\n\n\n\n<figure class=\"wp-block-image\"><a href=\"https:\/\/jundiai.sp.gov.br\/noticias\/wp-content\/uploads\/sites\/32\/2025\/01\/festa_da_uva-7-1280x854.jpg\"><img decoding=\"async\" src=\"https:\/\/jundiai.sp.gov.br\/noticias\/wp-content\/uploads\/sites\/32\/2025\/01\/festa_da_uva-7-1280x854.jpg\" alt=\"\" class=\"wp-image-352372\" \/><\/a><figcaption class=\"wp-element-caption\">Autoridades e o p\u00fablico interessado em geral marcaram presen\u00e7a na cerim\u00f4nia<\/figcaption><\/figure>\n\n\n\n<p>No site oficial da Festa, os visitantes podem conferir a&nbsp;<a href=\"https:\/\/5by.me\/festadauva\/programacao\/\" target=\"_blank\" rel=\"noreferrer noopener\">programa\u00e7\u00e3o cultural completa<\/a>, as informa\u00e7\u00f5es sobre a&nbsp;<a href=\"https:\/\/festadauva.jundiai.sp.gov.br\/corte-da-uva\/\" target=\"_blank\" rel=\"noreferrer noopener\">Corte da Uva<\/a>, onde se encontram os&nbsp;<a href=\"https:\/\/festadauva.jundiai.sp.gov.br\/estacionamento\/\" target=\"_blank\" rel=\"noreferrer noopener\">estacionamentos oficiais<\/a>,&nbsp;<a href=\"https:\/\/festadauva.jundiai.sp.gov.br\/como-chegar\/\" target=\"_blank\" rel=\"noreferrer noopener\">como chegar at\u00e9 o Parque<\/a>&nbsp;e todas as demais informa\u00e7\u00f5es.<\/p>\n\n\n\n<p>A&nbsp;<a href=\"https:\/\/festadauva.jundiai.sp.gov.br\/\" target=\"_blank\" rel=\"noreferrer noopener\">40\u00aa Festa da Uva e 11\u00aa Expo Vinhos<\/a>&nbsp;\u00e9 uma realiza\u00e7\u00e3o da Prefeitura de Jundia\u00ed em parceria com a Associa\u00e7\u00e3o Comercial, e que conta com apoio educacional do Senac e patroc\u00ednio da cervejaria Germ\u00e2nia, Saci Tintas, Suvinil e Unimed Jundia\u00ed.<\/p>\n\n\n\n<p><em>Fonte: Prefeitura de Jundia\u00ed <\/em><\/p>\n","protected":false},"excerpt":{"rendered":"<p>Abertura foi nesta quinta (23) <\/p>\n","protected":false},"author":24,"featured_media":125723,"comment_status":"closed","ping_status":"0","sticky":false,"template":"","format":"standard","meta":{"footnotes":""},"categories":[8358,6272,2833,29,2829,5038,3076,8408,6309,3060,8356,8354,1,2825],"tags":[],"class_list":["post-125722","post","type-post","status-publish","format-standard","has-post-thumbnail","hentry","category-agricultura","category-agronegocios","category-cultura","category-destaque","category-economia","category-emprego","category-entretenimento","category-galpao-criativo","category-gastronomia","category-geral","category-jundiai","category-lazer","category-noticias","category-turismo"],"_links":{"self":[{"href":"https:\/\/tvtecjundiai.com.br\/news\/wp-json\/wp\/v2\/posts\/125722","targetHints":{"allow":["GET"]}}],"collection":[{"href":"https:\/\/tvtecjundiai.com.br\/news\/wp-json\/wp\/v2\/posts"}],"about":[{"href":"https:\/\/tvtecjundiai.com.br\/news\/wp-json\/wp\/v2\/types\/post"}],"author":[{"embeddable":true,"href":"https:\/\/tvtecjundiai.com.br\/news\/wp-json\/wp\/v2\/users\/24"}],"replies":[{"embeddable":true,"href":"https:\/\/tvtecjundiai.com.br\/news\/wp-json\/wp\/v2\/comments?post=125722"}],"version-history":[{"count":1,"href":"https:\/\/tvtecjundiai.com.br\/news\/wp-json\/wp\/v2\/posts\/125722\/revisions"}],"predecessor-version":[{"id":125724,"href":"https:\/\/tvtecjundiai.com.br\/news\/wp-json\/wp\/v2\/posts\/125722\/revisions\/125724"}],"wp:featuredmedia":[{"embeddable":true,"href":"https:\/\/tvtecjundiai.com.br\/news\/wp-json\/wp\/v2\/media\/125723"}],"wp:attachment":[{"href":"https:\/\/tvtecjundiai.com.br\/news\/wp-json\/wp\/v2\/media?parent=125722"}],"wp:term":[{"taxonomy":"category","embeddable":true,"href":"https:\/\/tvtecjundiai.com.br\/news\/wp-json\/wp\/v2\/categories?post=125722"},{"taxonomy":"post_tag","embeddable":true,"href":"https:\/\/tvtecjundiai.com.br\/news\/wp-json\/wp\/v2\/tags?post=125722"}],"curies":[{"name":"wp","href":"https:\/\/api.w.org\/{rel}","templated":true}]}}