{"id":125762,"date":"2025-01-31T11:07:24","date_gmt":"2025-01-31T14:07:24","guid":{"rendered":"https:\/\/tvtecjundiai.com.br\/news\/?p=125762"},"modified":"2025-01-31T11:07:24","modified_gmt":"2025-01-31T14:07:24","slug":"apae-de-jundiai-adota-classificacao-internacional-para-reforcar-avaliacoes-diagnosticas","status":"publish","type":"post","link":"https:\/\/tvtecjundiai.com.br\/news\/2025\/01\/31\/apae-de-jundiai-adota-classificacao-internacional-para-reforcar-avaliacoes-diagnosticas\/","title":{"rendered":"APAE de Jundia\u00ed adota classifica\u00e7\u00e3o internacional para refor\u00e7ar avalia\u00e7\u00f5es diagn\u00f3sticas"},"content":{"rendered":"\n<figure class=\"wp-block-image size-large\"><img loading=\"lazy\" decoding=\"async\" width=\"1200\" height=\"900\" src=\"https:\/\/tvtecjundiai.com.br\/news\/wp-content\/uploads\/sites\/2\/2025\/01\/apae-novamente-1200x900.jpg\" alt=\"\" class=\"wp-image-125764\" srcset=\"https:\/\/tvtecjundiai.com.br\/news\/wp-content\/uploads\/sites\/2\/2025\/01\/apae-novamente-1200x900.jpg 1200w, https:\/\/tvtecjundiai.com.br\/news\/wp-content\/uploads\/sites\/2\/2025\/01\/apae-novamente-300x225.jpg 300w, https:\/\/tvtecjundiai.com.br\/news\/wp-content\/uploads\/sites\/2\/2025\/01\/apae-novamente-768x576.jpg 768w, https:\/\/tvtecjundiai.com.br\/news\/wp-content\/uploads\/sites\/2\/2025\/01\/apae-novamente.jpg 1280w\" sizes=\"auto, (max-width: 1200px) 100vw, 1200px\" \/><\/figure>\n\n\n\n<p>A APAE de Jundia\u00ed deu um importante passo para ampliar a qualidade de seus atendimentos ao incorporar a Classifica\u00e7\u00e3o Internacional de Funcionalidade, Incapacidade e Sa\u00fade (CIF) como ferramenta essencial na Avalia\u00e7\u00e3o Diagn\u00f3stica. A abordagem inovadora permite que a organiza\u00e7\u00e3o avalie de forma mais abrangente as condi\u00e7\u00f5es de seus usu\u00e1rios, considerando aspectos cl\u00ednicos, ambientais, sociais e pessoais que influenciam sua funcionalidade.<\/p>\n\n\n\n<p>A CIF, desenvolvida pela Organiza\u00e7\u00e3o Mundial da Sa\u00fade (OMS), \u00e9 uma ferramenta internacional que possibilita documentar o estado de sa\u00fade e funcionalidade das pessoas em diferentes \u00e1reas da vida. Essa classifica\u00e7\u00e3o promove uma abordagem integral e personalizada, al\u00e9m das an\u00e1lises tradicionais baseadas na Classifica\u00e7\u00e3o Internacional de Doen\u00e7as (CID).<\/p>\n\n\n\n<p>Com essa vis\u00e3o ampliada, as equipes multidisciplinares da APAE conseguem identificar fatores externos que impactam a inclus\u00e3o dos usu\u00e1rios, como barreiras de acessibilidade, apoio social e disponibilidade de recursos. A CIF avalia as capacidades individuais em diferentes contextos de vida, considerando limita\u00e7\u00f5es e potenciais, o que permite o desenvolvimento de interven\u00e7\u00f5es mais eficazes e alinhadas \u00e0s necessidades de cada pessoa.<\/p>\n\n\n\n<p>\u201cEssa abordagem vai al\u00e9m da CID, trazendo uma an\u00e1lise ampliada das perspectivas individuais\u201d, afirmou o coordenador do projeto, Alex Batista.<\/p>\n\n\n\n<p>A integra\u00e7\u00e3o da CIF nos atendimentos j\u00e1 realizados pela APAE reflete o compromisso da organiza\u00e7\u00e3o com a qualidade e a inova\u00e7\u00e3o. A classifica\u00e7\u00e3o complementa as interven\u00e7\u00f5es em \u00e1reas como neurologia, psicopedagogia, psicologia, terapia ocupacional e fonoaudiologia, proporcionando uma vis\u00e3o mais abrangente para os profissionais envolvidos. As fam\u00edlias tamb\u00e9m s\u00e3o beneficiadas, recebendo informa\u00e7\u00f5es que auxiliam no planejamento de estrat\u00e9gias inclusivas e assertivas.<\/p>\n\n\n\n<p>Al\u00e9m disso, a CIF facilita o acompanhamento cont\u00ednuo dos usu\u00e1rios, permitindo medir a evolu\u00e7\u00e3o em termos de funcionalidade e participa\u00e7\u00e3o social. Esse acompanhamento mais detalhado contribui diretamente para a promo\u00e7\u00e3o da qualidade de vida e da inclus\u00e3o das pessoas com defici\u00eancia intelectual e m\u00faltipla atendidas pela institui\u00e7\u00e3o.<\/p>\n\n\n\n<p>Capacita\u00e7\u00e3o da equipe<\/p>\n\n\n\n<p>Para garantir a implementa\u00e7\u00e3o adequada da CIF nos atendimentos di\u00e1rios, a APAE de Jundia\u00ed promoveu em janeiro uma capacita\u00e7\u00e3o intensiva para toda a sua equipe. Conduzida por especialistas na \u00e1rea, a forma\u00e7\u00e3o abordou aspectos t\u00e9cnicos e pr\u00e1ticos do uso da ferramenta, al\u00e9m de promover a troca de experi\u00eancias entre os profissionais.<\/p>\n\n\n\n<p>Essa iniciativa refor\u00e7a o compromisso da APAE com pr\u00e1ticas baseadas em evid\u00eancias e voltadas \u00e0 inclus\u00e3o, consolidando seu papel como refer\u00eancia no atendimento \u00e0s pessoas com defici\u00eancia na regi\u00e3o<\/p>\n","protected":false},"excerpt":{"rendered":"<p>A institui\u00e7\u00e3o amplia a qualidade de seus atendimentos<\/p>\n","protected":false},"author":24,"featured_media":125763,"comment_status":"closed","ping_status":"0","sticky":false,"template":"","format":"standard","meta":{"footnotes":""},"categories":[8392,8356],"tags":[],"class_list":["post-125762","post","type-post","status-publish","format-standard","has-post-thumbnail","hentry","category-assistencia-social","category-jundiai"],"_links":{"self":[{"href":"https:\/\/tvtecjundiai.com.br\/news\/wp-json\/wp\/v2\/posts\/125762","targetHints":{"allow":["GET"]}}],"collection":[{"href":"https:\/\/tvtecjundiai.com.br\/news\/wp-json\/wp\/v2\/posts"}],"about":[{"href":"https:\/\/tvtecjundiai.com.br\/news\/wp-json\/wp\/v2\/types\/post"}],"author":[{"embeddable":true,"href":"https:\/\/tvtecjundiai.com.br\/news\/wp-json\/wp\/v2\/users\/24"}],"replies":[{"embeddable":true,"href":"https:\/\/tvtecjundiai.com.br\/news\/wp-json\/wp\/v2\/comments?post=125762"}],"version-history":[{"count":1,"href":"https:\/\/tvtecjundiai.com.br\/news\/wp-json\/wp\/v2\/posts\/125762\/revisions"}],"predecessor-version":[{"id":125765,"href":"https:\/\/tvtecjundiai.com.br\/news\/wp-json\/wp\/v2\/posts\/125762\/revisions\/125765"}],"wp:featuredmedia":[{"embeddable":true,"href":"https:\/\/tvtecjundiai.com.br\/news\/wp-json\/wp\/v2\/media\/125763"}],"wp:attachment":[{"href":"https:\/\/tvtecjundiai.com.br\/news\/wp-json\/wp\/v2\/media?parent=125762"}],"wp:term":[{"taxonomy":"category","embeddable":true,"href":"https:\/\/tvtecjundiai.com.br\/news\/wp-json\/wp\/v2\/categories?post=125762"},{"taxonomy":"post_tag","embeddable":true,"href":"https:\/\/tvtecjundiai.com.br\/news\/wp-json\/wp\/v2\/tags?post=125762"}],"curies":[{"name":"wp","href":"https:\/\/api.w.org\/{rel}","templated":true}]}}