{"id":125842,"date":"2025-02-14T09:05:08","date_gmt":"2025-02-14T12:05:08","guid":{"rendered":"https:\/\/tvtecjundiai.com.br\/news\/?p=125842"},"modified":"2025-02-14T09:05:08","modified_gmt":"2025-02-14T12:05:08","slug":"o-primeiro-encontro-do-clube-de-maes-atipicas","status":"publish","type":"post","link":"https:\/\/tvtecjundiai.com.br\/news\/2025\/02\/14\/o-primeiro-encontro-do-clube-de-maes-atipicas\/","title":{"rendered":"O primeiro encontro do Clube de M\u00e3es At\u00edpicas"},"content":{"rendered":"\n<h2 class=\"wp-block-heading\" id=\"block-eed17a01-4b7c-4051-8be9-2215214abc58\"><\/h2>\n\n\n\n<p id=\"block-0b75d7c4-96b1-4a99-b87c-9d8de43e5c4b\"><\/p>\n\n\n\n<p id=\"block-f944e63e-8703-49ad-8729-97deb03a5897\">O Fundo Social de Solidariedade de Jundia\u00ed (Funss) realiza na \u00faltima segunda-feira do m\u00eas, dia 24 de fevereiro, \u00e0s 18 horas, o primeiro encontro do Clube de M\u00e3es At\u00edpicas. O evento ter\u00e1 como objetivo promover integra\u00e7\u00e3o e confian\u00e7a entre as participantes.<\/p>\n\n\n\n<figure class=\"wp-block-image\" id=\"block-7cbe35e4-19f1-406e-9ae2-2daa5af5eaeb\"><a href=\"https:\/\/jundiai.sp.gov.br\/noticias\/wp-content\/uploads\/sites\/32\/2025\/02\/whatsapp-image-2025-02-12-at-11-39-11-1280x853.jpeg\"><img decoding=\"async\" src=\"https:\/\/jundiai.sp.gov.br\/noticias\/wp-content\/uploads\/sites\/32\/2025\/02\/whatsapp-image-2025-02-12-at-11-39-11-1280x853.jpeg\" alt=\"O atributo alt desta imagem est\u00e1 vazio. O nome do arquivo \u00e9 whatsapp-image-2025-02-12-at-11-39-11-1280x853.jpeg\" \/><\/a><figcaption class=\"wp-element-caption\"><em>Encontro acontece dia 24 de janeiro com objetivo de proporcionar acolhimento<\/em><\/figcaption><\/figure>\n\n\n\n<p id=\"block-c4178b38-a9ca-404d-a081-b57e5957733b\">Para a presidente do Funss, Ellen Camila Martinelli, \u00e9 uma oportunidade proporcionar um momento de empatia e acolhimento.&nbsp; \u201cTeremos um facilitador que vai explicar o objetivo da din\u00e2mica e mostrar que, apesar de hist\u00f3rias diferentes, todas essas m\u00e3es compartilham desafios e sentimentos em comum\u201d.&nbsp;<\/p>\n\n\n\n<p id=\"block-e4398f32-cec6-494c-9e63-87970dc692cc\">Durante todo encontro ser\u00e3o fortalecidos valores como empatia, sororidade e encorajamento, al\u00e9m de orienta\u00e7\u00e3o sobre os direitos das pessoas com defici\u00eancia. \u201cJuntos dessa especialista, teremos um painel com a participa\u00e7\u00e3o de tr\u00eas m\u00e3es at\u00edpicas (s\u00edndrome de down, neurodivergente e deficiente visual) para falar sobre suas jornadas e desafios di\u00e1rios\u201d, completa Ellen.<\/p>\n\n\n\n<p id=\"block-da163ede-44d7-425f-99ab-ac085cdc0df9\">As inscri\u00e7\u00f5es est\u00e3o abertas pelo formul\u00e1rio&nbsp;<a href=\"https:\/\/forms.gle\/usyzNGJm9a1hz5RLA\">https:\/\/forms.gle\/usyzNGJm9a1hz5RLA<\/a>&nbsp;e ser\u00e1 aberto para pais, m\u00e3es e av\u00f3s de pessoas at\u00edpicas, al\u00e9m de cuidadores.<\/p>\n\n\n\n<p id=\"block-00c13353-c914-439c-b265-aaae00039af7\">O encontro acontecer\u00e1 no Espa\u00e7o Expressa, na Av. Uni\u00e3o dos Ferrovi\u00e1rios, 1760 \u2013 Ponte de Campinas, Jundia\u00ed \u2013&nbsp;SALA ESTRADA DE FERRO S\u00c3O PAULO MINAS.<\/p>\n\n\n\n<p id=\"block-e2688b3d-8e27-420f-9550-4ae66b9d0b12\"><em>Fonte: Prefeitura de Jundiai<\/em><\/p>\n\n\n\n<p id=\"block-910d7403-4053-428a-9775-1c9056208f25\"><\/p>\n","protected":false},"excerpt":{"rendered":"<p>O evento ser\u00e1 dia 24<\/p>\n","protected":false},"author":24,"featured_media":125843,"comment_status":"closed","ping_status":"0","sticky":false,"template":"","format":"standard","meta":{"footnotes":""},"categories":[8392,29,8419,8414,8357,8411,8356,1],"tags":[2112,5,556,15],"class_list":["post-125842","post","type-post","status-publish","format-standard","has-post-thumbnail","hentry","category-assistencia-social","category-destaque","category-direitos-humanos","category-fundo-social-de-solidariedade","category-gestao","category-governo-e-financas","category-jundiai","category-noticias","tag-cidades","tag-jundiai","tag-noticias","tag-tvtec"],"_links":{"self":[{"href":"https:\/\/tvtecjundiai.com.br\/news\/wp-json\/wp\/v2\/posts\/125842","targetHints":{"allow":["GET"]}}],"collection":[{"href":"https:\/\/tvtecjundiai.com.br\/news\/wp-json\/wp\/v2\/posts"}],"about":[{"href":"https:\/\/tvtecjundiai.com.br\/news\/wp-json\/wp\/v2\/types\/post"}],"author":[{"embeddable":true,"href":"https:\/\/tvtecjundiai.com.br\/news\/wp-json\/wp\/v2\/users\/24"}],"replies":[{"embeddable":true,"href":"https:\/\/tvtecjundiai.com.br\/news\/wp-json\/wp\/v2\/comments?post=125842"}],"version-history":[{"count":1,"href":"https:\/\/tvtecjundiai.com.br\/news\/wp-json\/wp\/v2\/posts\/125842\/revisions"}],"predecessor-version":[{"id":125844,"href":"https:\/\/tvtecjundiai.com.br\/news\/wp-json\/wp\/v2\/posts\/125842\/revisions\/125844"}],"wp:featuredmedia":[{"embeddable":true,"href":"https:\/\/tvtecjundiai.com.br\/news\/wp-json\/wp\/v2\/media\/125843"}],"wp:attachment":[{"href":"https:\/\/tvtecjundiai.com.br\/news\/wp-json\/wp\/v2\/media?parent=125842"}],"wp:term":[{"taxonomy":"category","embeddable":true,"href":"https:\/\/tvtecjundiai.com.br\/news\/wp-json\/wp\/v2\/categories?post=125842"},{"taxonomy":"post_tag","embeddable":true,"href":"https:\/\/tvtecjundiai.com.br\/news\/wp-json\/wp\/v2\/tags?post=125842"}],"curies":[{"name":"wp","href":"https:\/\/api.w.org\/{rel}","templated":true}]}}