{"id":12602,"date":"2018-06-22T09:00:38","date_gmt":"2018-06-22T12:00:38","guid":{"rendered":"https:\/\/tvtecjundiai.com.br\/news\/?p=12602"},"modified":"2018-06-22T09:01:41","modified_gmt":"2018-06-22T12:01:41","slug":"criancas-desenvolvem-multiplas-inteligencias-com-copa-de-basquete","status":"publish","type":"post","link":"https:\/\/tvtecjundiai.com.br\/news\/2018\/06\/22\/criancas-desenvolvem-multiplas-inteligencias-com-copa-de-basquete\/","title":{"rendered":"Crian\u00e7as desenvolvem m\u00faltiplas intelig\u00eancias com Copa de Basquete"},"content":{"rendered":"<div id=\"attachment_12603\" style=\"width: 460px\" class=\"wp-caption alignright\"><a href=\"https:\/\/tvtecjundiai.com.br\/news\/wp-content\/uploads\/sites\/2\/2018\/06\/seletiva-de-basquete-infantil_c_-1-1.jpg\"><img loading=\"lazy\" decoding=\"async\" aria-describedby=\"caption-attachment-12603\" class=\"wp-image-12603\" src=\"https:\/\/tvtecjundiai.com.br\/news\/wp-content\/uploads\/sites\/2\/2018\/06\/seletiva-de-basquete-infantil_c_-1-1-300x200.jpg\" alt=\"\" width=\"450\" height=\"300\" srcset=\"https:\/\/tvtecjundiai.com.br\/news\/wp-content\/uploads\/sites\/2\/2018\/06\/seletiva-de-basquete-infantil_c_-1-1-300x200.jpg 300w, https:\/\/tvtecjundiai.com.br\/news\/wp-content\/uploads\/sites\/2\/2018\/06\/seletiva-de-basquete-infantil_c_-1-1-768x512.jpg 768w, https:\/\/tvtecjundiai.com.br\/news\/wp-content\/uploads\/sites\/2\/2018\/06\/seletiva-de-basquete-infantil_c_-1-1-1200x800.jpg 1200w, https:\/\/tvtecjundiai.com.br\/news\/wp-content\/uploads\/sites\/2\/2018\/06\/seletiva-de-basquete-infantil_c_-1-1.jpg 1280w\" sizes=\"auto, (max-width: 450px) 100vw, 450px\" \/><\/a><p id=\"caption-attachment-12603\" class=\"wp-caption-text\">Disputa envolveu pesquisa sobre os pa\u00edses que deram nomes \u00e0s equipes que disputaram a Copa<\/p><\/div>\n<p>Aproveitando o tema de Copa do Mundo, turmas de basquete que fazem parte do Complexo Educacional, Cultural e Esportivo (CECE) Dr Nicolino de Luca, desenvolveram a Copa de Basquete do Bol\u00e3o. Os alunos que fazem parte das turmas da Unidade de Gest\u00e3o de Esporte e Lazer (UGEL) foram respons\u00e1veis por criar todo o evento, as regras e estudaram sobre os pa\u00edses para a competi\u00e7\u00e3o de perguntas e respostas.<\/p>\n<p>De acordo com a\u00a0educadora esportiva da UGEL, Mariana Antonelli, a cria\u00e7\u00e3o do evento tem por objetivo o desenvolvimento de m\u00faltiplas intelig\u00eancias. \u201cPreparamos uma experi\u00eancia de aula diferente com a proposta de envolver as crian\u00e7as no projeto. A responsabilidade por criar o formato, o regramento e as atividades que seriam desenvolvidas foi dos 50 alunos, sempre primando pela integra\u00e7\u00e3o e participa\u00e7\u00e3o de todos. Esse tipo de a\u00e7\u00e3o integrativa promove o desenvolvimento de outras intelig\u00eancias cognitivas, relacionamento etc\u201d, argumenta.<\/p>\n<p>De acordo com a diretora do Departamento\u00a0de Esporte Educacional e Forma\u00e7\u00e3o, M\u00e1rcia Pavan Guilherme, a iniciativa ser\u00e1 difundida para os demais CECEs. \u201cA inten\u00e7\u00e3o \u00e9 promover a realiza\u00e7\u00e3o na Semana da Crian\u00e7a, como forma de integrar as fam\u00edlias com a educa\u00e7\u00e3o esportiva, j\u00e1 que o jogo de perguntas e respostas \u2013 uma das atividades desenvolvidas \u2013 contou com a participa\u00e7\u00e3o dos pais como consultores para os questionamentos\u201d, comenta.<\/p>\n<p><em>(Fonte: Prefeitura de Jundia\u00ed)<\/em><\/p>\n","protected":false},"excerpt":{"rendered":"<p>Iniciativa ser\u00e1 difundida para os demais CECEs<\/p>\n","protected":false},"author":10,"featured_media":12603,"comment_status":"closed","ping_status":"closed","sticky":false,"template":"","format":"standard","meta":{"footnotes":""},"categories":[2834,2827],"tags":[5,15],"class_list":["post-12602","post","type-post","status-publish","format-standard","has-post-thumbnail","hentry","category-cidades","category-esportes-e-lazer","tag-jundiai","tag-tvtec"],"_links":{"self":[{"href":"https:\/\/tvtecjundiai.com.br\/news\/wp-json\/wp\/v2\/posts\/12602","targetHints":{"allow":["GET"]}}],"collection":[{"href":"https:\/\/tvtecjundiai.com.br\/news\/wp-json\/wp\/v2\/posts"}],"about":[{"href":"https:\/\/tvtecjundiai.com.br\/news\/wp-json\/wp\/v2\/types\/post"}],"author":[{"embeddable":true,"href":"https:\/\/tvtecjundiai.com.br\/news\/wp-json\/wp\/v2\/users\/10"}],"replies":[{"embeddable":true,"href":"https:\/\/tvtecjundiai.com.br\/news\/wp-json\/wp\/v2\/comments?post=12602"}],"version-history":[{"count":2,"href":"https:\/\/tvtecjundiai.com.br\/news\/wp-json\/wp\/v2\/posts\/12602\/revisions"}],"predecessor-version":[{"id":12605,"href":"https:\/\/tvtecjundiai.com.br\/news\/wp-json\/wp\/v2\/posts\/12602\/revisions\/12605"}],"wp:featuredmedia":[{"embeddable":true,"href":"https:\/\/tvtecjundiai.com.br\/news\/wp-json\/wp\/v2\/media\/12603"}],"wp:attachment":[{"href":"https:\/\/tvtecjundiai.com.br\/news\/wp-json\/wp\/v2\/media?parent=12602"}],"wp:term":[{"taxonomy":"category","embeddable":true,"href":"https:\/\/tvtecjundiai.com.br\/news\/wp-json\/wp\/v2\/categories?post=12602"},{"taxonomy":"post_tag","embeddable":true,"href":"https:\/\/tvtecjundiai.com.br\/news\/wp-json\/wp\/v2\/tags?post=12602"}],"curies":[{"name":"wp","href":"https:\/\/api.w.org\/{rel}","templated":true}]}}