{"id":126043,"date":"2025-03-05T10:10:58","date_gmt":"2025-03-05T13:10:58","guid":{"rendered":"https:\/\/tvtecjundiai.com.br\/news\/?p=126043"},"modified":"2025-03-05T10:10:58","modified_gmt":"2025-03-05T13:10:58","slug":"conselho-de-desenvolvimento-rural-apresenta-balancos","status":"publish","type":"post","link":"https:\/\/tvtecjundiai.com.br\/news\/2025\/03\/05\/conselho-de-desenvolvimento-rural-apresenta-balancos\/","title":{"rendered":"Conselho de Desenvolvimento Rural apresenta balan\u00e7os"},"content":{"rendered":"\n<p>O Conselho Municipal de Desenvolvimento Rural de Jundia\u00ed (CMDR) realizou a primeira reuni\u00e3o ordin\u00e1ria de 2025. O encontro foi realizado no Pa\u00e7o Municipal e trouxe como pautas os balan\u00e7os das a\u00e7\u00f5es j\u00e1 realizadas e a\u00e7\u00f5es futuras em planejamento e execu\u00e7\u00e3o.<\/p>\n\n\n\n<p>O prefeito Gustavo Martinelli, acompanhado do vice-prefeito, Ricardo Benassi, deu as boas-vindas aos participantes. \u201cAproveito este encontro para firmar meu compromisso de trabalhar com di\u00e1logo junto aos agricultores e para parabeniz\u00e1-los, j\u00e1 neste in\u00edcio, pelo sucesso da&nbsp;<a href=\"https:\/\/festadauva.jundiai.sp.gov.br\/\" target=\"_blank\" rel=\"noreferrer noopener\">40\u00aa Festa da Uva e 11\u00aa Expo Vinhos<\/a>, resultado tamb\u00e9m dos esfor\u00e7os de voc\u00eas.\u201d<\/p>\n\n\n\n<p><a href=\"https:\/\/festadauva.jundiai.sp.gov.br\/fotos-e-videos\/\" target=\"_blank\" rel=\"noreferrer noopener\">CONFIRA AS FOTOS DESTA EDI\u00c7\u00c3O DA FESTA<\/a><\/p>\n\n\n\n<p>O encontro contou com as presen\u00e7as de integrantes e da presidente do Conselho, Maria Teresa Staeheli; da gestora da Unidade de Agroneg\u00f3cio, Abastecimento e Turismo (UGAAT), Marcela Moro, e do diretor de Agroneg\u00f3cio da pasta, S\u00e9rgio Pompermaier, que \u00e9 tamb\u00e9m conselheiro.<\/p>\n\n\n\n<figure class=\"wp-block-image\"><a href=\"https:\/\/jundiai.sp.gov.br\/noticias\/wp-content\/uploads\/sites\/32\/2025\/02\/primeira_reuniao_cmdr_paco_municipal-1280x854.jpg\"><img decoding=\"async\" src=\"https:\/\/jundiai.sp.gov.br\/noticias\/wp-content\/uploads\/sites\/32\/2025\/02\/primeira_reuniao_cmdr_paco_municipal-1280x854.jpg\" alt=\"\" class=\"wp-image-354263\" \/><\/a><figcaption class=\"wp-element-caption\">Reuni\u00f5es ordin\u00e1rias ser\u00e3o realizadas sempre nas \u00faltimas quartas-feiras de cada m\u00eas, sempre no per\u00edodo noturno e no Pa\u00e7o Municipal<\/figcaption><\/figure>\n\n\n\n<p>Marcela iniciou o encontro apresentando a nova equipe \u00e0 frente da pasta para os participantes. Em seguida, os temas tratados pelo Conselho foram o balan\u00e7o dos n\u00fameros da Festa da Uva e Expo Vinhos deste ano; os n\u00fameros do Programa de Apoio ao Agroneg\u00f3cio de Jundia\u00ed (PROAJ) e Pagamento por Servi\u00e7os Ambientais (PSA); a apresenta\u00e7\u00e3o do plano de trabalho da empresa selecionada via edital para realizar as prospec\u00e7\u00f5es de \u00e1reas para reflorestamento dentro do Programa Nascentes Jundia\u00ed; entre outros temas.<\/p>\n\n\n\n<p>Uma das importantes novidades apresentadas na reuni\u00e3o foi a concentra\u00e7\u00e3o num mesmo edital das subven\u00e7\u00f5es agr\u00edcolas vinculadas \u00e0 UGAAT \u2013 Seguro Agr\u00edcola, Cultivo Protegido, PROAJ e PSA. \u201cTrata-se de uma demanda antiga dos agricultores locais e que passaremos a atender ainda este ano. Por conta das tramita\u00e7\u00f5es necess\u00e1rias, antes da unifica\u00e7\u00e3o, o agricultor tinha de vir, pelo menos, oito vezes ao Pa\u00e7o Municipal, duas para cada subven\u00e7\u00e3o. Com a novidade, otimizamos a log\u00edstica para o produtor, que, para a apresenta\u00e7\u00e3o da documenta\u00e7\u00e3o e para a assinatura, ter\u00e1 de vir somente duas vezes ao Pa\u00e7o\u201d, comentou S\u00e9rgio.<\/p>\n\n\n\n<p>A \u00faltima pauta do encontro foi a defini\u00e7\u00e3o do calend\u00e1rio de encontros ordin\u00e1rios, marcados para as \u00faltimas quartas-feiras de cada m\u00eas, sempre no per\u00edodo noturno e no Pa\u00e7o Municipal. O cronograma estabelecido ficou da seguinte forma: 26 de mar\u00e7o, 30 de abril, 28 de maio, 25 de junho, 30 de julho, 27 de agosto, 24 de setembro, 29 de outubro e 26 de novembro.<\/p>\n\n\n\n<p><em>Fonte: Prefeitura de Jundiai<\/em><\/p>\n","protected":false},"excerpt":{"rendered":"<p>Balan\u00e7os e novas propostas<\/p>\n","protected":false},"author":24,"featured_media":126044,"comment_status":"closed","ping_status":"0","sticky":false,"template":"","format":"standard","meta":{"footnotes":""},"categories":[2833,29,3060,8357,8356,8354,1],"tags":[2112,5,556,15],"class_list":["post-126043","post","type-post","status-publish","format-standard","has-post-thumbnail","hentry","category-cultura","category-destaque","category-geral","category-gestao","category-jundiai","category-lazer","category-noticias","tag-cidades","tag-jundiai","tag-noticias","tag-tvtec"],"_links":{"self":[{"href":"https:\/\/tvtecjundiai.com.br\/news\/wp-json\/wp\/v2\/posts\/126043","targetHints":{"allow":["GET"]}}],"collection":[{"href":"https:\/\/tvtecjundiai.com.br\/news\/wp-json\/wp\/v2\/posts"}],"about":[{"href":"https:\/\/tvtecjundiai.com.br\/news\/wp-json\/wp\/v2\/types\/post"}],"author":[{"embeddable":true,"href":"https:\/\/tvtecjundiai.com.br\/news\/wp-json\/wp\/v2\/users\/24"}],"replies":[{"embeddable":true,"href":"https:\/\/tvtecjundiai.com.br\/news\/wp-json\/wp\/v2\/comments?post=126043"}],"version-history":[{"count":1,"href":"https:\/\/tvtecjundiai.com.br\/news\/wp-json\/wp\/v2\/posts\/126043\/revisions"}],"predecessor-version":[{"id":126045,"href":"https:\/\/tvtecjundiai.com.br\/news\/wp-json\/wp\/v2\/posts\/126043\/revisions\/126045"}],"wp:featuredmedia":[{"embeddable":true,"href":"https:\/\/tvtecjundiai.com.br\/news\/wp-json\/wp\/v2\/media\/126044"}],"wp:attachment":[{"href":"https:\/\/tvtecjundiai.com.br\/news\/wp-json\/wp\/v2\/media?parent=126043"}],"wp:term":[{"taxonomy":"category","embeddable":true,"href":"https:\/\/tvtecjundiai.com.br\/news\/wp-json\/wp\/v2\/categories?post=126043"},{"taxonomy":"post_tag","embeddable":true,"href":"https:\/\/tvtecjundiai.com.br\/news\/wp-json\/wp\/v2\/tags?post=126043"}],"curies":[{"name":"wp","href":"https:\/\/api.w.org\/{rel}","templated":true}]}}