{"id":126080,"date":"2025-03-10T10:29:05","date_gmt":"2025-03-10T13:29:05","guid":{"rendered":"https:\/\/tvtecjundiai.com.br\/news\/?p=126080"},"modified":"2025-03-10T10:29:05","modified_gmt":"2025-03-10T13:29:05","slug":"prefeitura-intensifica-rocagem-para-manter-vias-limpas-e-seguras","status":"publish","type":"post","link":"https:\/\/tvtecjundiai.com.br\/news\/2025\/03\/10\/prefeitura-intensifica-rocagem-para-manter-vias-limpas-e-seguras\/","title":{"rendered":"Prefeitura intensifica ro\u00e7agem para manter vias limpas e seguras"},"content":{"rendered":"\n<p>A Prefeitura de Jundia\u00ed segue atuando de forma intensificada na manuten\u00e7\u00e3o das vias p\u00fablicas, com a\u00e7\u00f5es regulares de corte e ro\u00e7agem da vegeta\u00e7\u00e3o. Nesta \u00e9poca do ano, sol com chuvas ao longo do dia, o crescimento do mato pode variar de acordo com algumas situa\u00e7\u00f5es, como tipo de solo, esp\u00e9cie de planta, temperatura e umidade do ar. &nbsp;<\/p>\n\n\n\n<figure class=\"wp-block-image\"><a href=\"https:\/\/jundiai.sp.gov.br\/noticias\/wp-content\/uploads\/sites\/32\/2025\/03\/corte-de-mato-07-03-1280x854.jpg\"><img decoding=\"async\" src=\"https:\/\/jundiai.sp.gov.br\/noticias\/wp-content\/uploads\/sites\/32\/2025\/03\/corte-de-mato-07-03-1280x854.jpg\" alt=\"\" class=\"wp-image-354395\" \/><\/a><figcaption class=\"wp-element-caption\">Prefeitura intensifica corte ro\u00e7agem de mato<\/figcaption><\/figure>\n\n\n\n<p><strong>Crescimento mais r\u00e1pido no ver\u00e3o<\/strong><br>Durante o ver\u00e3o, quando h\u00e1 altern\u00e2ncia entre per\u00edodos de chuva e sol, esse crescimento pode ser acelerado, chegando a 5 a 10 cm por semana.<\/p>\n\n\n\n<p>Em cerca de 20 a 30 dias, as ervas daninhas j\u00e1 atingem uma altura significativa, ultrapassando os 30 cm, o que pode comprometer a est\u00e9tica da cidade e a seguran\u00e7a de pedestres e motoristas.<\/p>\n\n\n\n<p><strong>A\u00e7\u00f5es cont\u00ednuas de zeladoria<\/strong><br>Para evitar transtornos, a administra\u00e7\u00e3o municipal atrav\u00e9s da Unidade de Gest\u00e3o de Infraestrutura e Servi\u00e7os P\u00fablicos (UGISP) mant\u00e9m um cronograma cont\u00ednuo de ro\u00e7agem, com ciclos de limpeza que atuam conforme a necessidade de cada regi\u00e3o.<\/p>\n\n\n\n<p>Segundo o gestor da UGISP, Marcos Galdino, a Prefeitura est\u00e1 atenta ao crescimento da vegeta\u00e7\u00e3o e intensifica as a\u00e7\u00f5es diariamente.<\/p>\n\n\n\n<p>\u201cNosso objetivo \u00e9 garantir uma cidade mais limpa e segura para todos. As equipes trabalham seguindo um planejamento estrat\u00e9gico, mas tamb\u00e9m com as demandas atrav\u00e9s do&nbsp;<strong>156<\/strong>. Priorizamos todas as regi\u00f5es da cidade\u201d, destaca.<\/p>\n\n\n\n<figure class=\"wp-block-image\"><a href=\"https:\/\/jundiai.sp.gov.br\/noticias\/wp-content\/uploads\/sites\/32\/2025\/03\/corte-de-mato-limpeza-1280x854.jpg\"><img decoding=\"async\" src=\"https:\/\/jundiai.sp.gov.br\/noticias\/wp-content\/uploads\/sites\/32\/2025\/03\/corte-de-mato-limpeza-1280x854.jpg\" alt=\"\" class=\"wp-image-354397\" \/><\/a><figcaption class=\"wp-element-caption\">Altern\u00e2ncia entre per\u00edodos de chuva e sol acelera o crescimento da vegeta\u00e7\u00e3o<\/figcaption><\/figure>\n\n\n\n<p>A popula\u00e7\u00e3o tamb\u00e9m pode contribuir com a manuten\u00e7\u00e3o da limpeza urbana, evitando o descarte irregular de lixo e entulho, que podem dificultar o servi\u00e7o de ro\u00e7agem. Al\u00e9m disso, solicita\u00e7\u00f5es podem ser registradas pelo n\u00famero 156.<\/p>\n\n\n\n<p>O cronograma de zeladoria e conserva\u00e7\u00e3o pode ser conferido no site da prefeitura.<\/p>\n\n\n\n<p><em>Fonte: Prefeitura de Jundiai<\/em><\/p>\n\n\n\n<p><\/p>\n","protected":false},"excerpt":{"rendered":"<p>Manuten\u00e7\u00e3o das vias p\u00fablicas<\/p>\n","protected":false},"author":24,"featured_media":126081,"comment_status":"closed","ping_status":"0","sticky":false,"template":"","format":"standard","meta":{"footnotes":""},"categories":[2834,29,8357,8391,8356,1],"tags":[2112,5,556,15],"class_list":["post-126080","post","type-post","status-publish","format-standard","has-post-thumbnail","hentry","category-cidades","category-destaque","category-gestao","category-infraestrutura","category-jundiai","category-noticias","tag-cidades","tag-jundiai","tag-noticias","tag-tvtec"],"_links":{"self":[{"href":"https:\/\/tvtecjundiai.com.br\/news\/wp-json\/wp\/v2\/posts\/126080","targetHints":{"allow":["GET"]}}],"collection":[{"href":"https:\/\/tvtecjundiai.com.br\/news\/wp-json\/wp\/v2\/posts"}],"about":[{"href":"https:\/\/tvtecjundiai.com.br\/news\/wp-json\/wp\/v2\/types\/post"}],"author":[{"embeddable":true,"href":"https:\/\/tvtecjundiai.com.br\/news\/wp-json\/wp\/v2\/users\/24"}],"replies":[{"embeddable":true,"href":"https:\/\/tvtecjundiai.com.br\/news\/wp-json\/wp\/v2\/comments?post=126080"}],"version-history":[{"count":1,"href":"https:\/\/tvtecjundiai.com.br\/news\/wp-json\/wp\/v2\/posts\/126080\/revisions"}],"predecessor-version":[{"id":126082,"href":"https:\/\/tvtecjundiai.com.br\/news\/wp-json\/wp\/v2\/posts\/126080\/revisions\/126082"}],"wp:featuredmedia":[{"embeddable":true,"href":"https:\/\/tvtecjundiai.com.br\/news\/wp-json\/wp\/v2\/media\/126081"}],"wp:attachment":[{"href":"https:\/\/tvtecjundiai.com.br\/news\/wp-json\/wp\/v2\/media?parent=126080"}],"wp:term":[{"taxonomy":"category","embeddable":true,"href":"https:\/\/tvtecjundiai.com.br\/news\/wp-json\/wp\/v2\/categories?post=126080"},{"taxonomy":"post_tag","embeddable":true,"href":"https:\/\/tvtecjundiai.com.br\/news\/wp-json\/wp\/v2\/tags?post=126080"}],"curies":[{"name":"wp","href":"https:\/\/api.w.org\/{rel}","templated":true}]}}