{"id":12619,"date":"2018-06-22T12:11:31","date_gmt":"2018-06-22T15:11:31","guid":{"rendered":"https:\/\/tvtecjundiai.com.br\/news\/?p=12619"},"modified":"2018-06-22T12:11:31","modified_gmt":"2018-06-22T15:11:31","slug":"matricula-e-lista-de-espera-do-sisu-comecam-hoje","status":"publish","type":"post","link":"https:\/\/tvtecjundiai.com.br\/news\/2018\/06\/22\/matricula-e-lista-de-espera-do-sisu-comecam-hoje\/","title":{"rendered":"Matr\u00edcula e lista de espera do Sisu come\u00e7am hoje"},"content":{"rendered":"<div id=\"attachment_12620\" style=\"width: 460px\" class=\"wp-caption alignright\"><a href=\"https:\/\/tvtecjundiai.com.br\/news\/wp-content\/uploads\/sites\/2\/2018\/06\/sisu-acesso-1.jpg\"><img loading=\"lazy\" decoding=\"async\" aria-describedby=\"caption-attachment-12620\" class=\"wp-image-12620\" src=\"https:\/\/tvtecjundiai.com.br\/news\/wp-content\/uploads\/sites\/2\/2018\/06\/sisu-acesso-1-300x199.jpg\" alt=\"\" width=\"450\" height=\"299\" srcset=\"https:\/\/tvtecjundiai.com.br\/news\/wp-content\/uploads\/sites\/2\/2018\/06\/sisu-acesso-1-300x199.jpg 300w, https:\/\/tvtecjundiai.com.br\/news\/wp-content\/uploads\/sites\/2\/2018\/06\/sisu-acesso-1-768x510.jpg 768w, https:\/\/tvtecjundiai.com.br\/news\/wp-content\/uploads\/sites\/2\/2018\/06\/sisu-acesso-1-1200x797.jpg 1200w, https:\/\/tvtecjundiai.com.br\/news\/wp-content\/uploads\/sites\/2\/2018\/06\/sisu-acesso-1.jpg 2048w\" sizes=\"auto, (max-width: 450px) 100vw, 450px\" \/><\/a><p id=\"caption-attachment-12620\" class=\"wp-caption-text\">O Sisu oferece vagas no ensino superior em institui\u00e7\u00f5es p\u00fablicas<\/p><\/div>\n<p>Come\u00e7a nesta sexta-feira (22) o prazo de matr\u00edcula para os estudantes selecionados no\u00a0Sistema de Sele\u00e7\u00e3o Unificada (Sisu). O resultado est\u00e1 dispon\u00edvel na p\u00e1gina do programa. Aqueles que foram aprovados devem ficar atentos aos dias, hor\u00e1rios e locais definidos por cada institui\u00e7\u00e3o de ensino.<\/p>\n<p>Nesta edi\u00e7\u00e3o, o\u00a0Sisu oferece 57.271 vagas em 68 institui\u00e7\u00f5es p\u00fablicas de ensino superior em todo o pa\u00eds. O prazo para os selecionados se matricularem vai at\u00e9 o dia 28.<\/p>\n<p>Aqueles que n\u00e3o foram selecionados poder\u00e3o participar da lista de espera. O prazo para que isso seja feito come\u00e7a tamb\u00e9m hoje e vai at\u00e9 o dia 27. A convoca\u00e7\u00e3o dos candidatos em lista de espera ser\u00e1 de 3 de julho a 21 de agosto. Para participar, basta acessar o\u00a0<a href=\"http:\/\/www.sisu.mec.gov.br\/\" target=\"_blank\" rel=\"noopener\">sistema<\/a>\u00a0na internet e confirmar o interesse.<\/p>\n<p>A lista de espera vale apenas para a primeira op\u00e7\u00e3o de curso feita na hora da inscri\u00e7\u00e3o.\u00a0Al\u00e9m dos candidatos que n\u00e3o foram selecionados em nenhuma das op\u00e7\u00f5es, podem participar\u00a0aqueles que foram selecionados para a segunda op\u00e7\u00e3o de curso, feita tamb\u00e9m na hora da inscri\u00e7\u00e3o.<\/p>\n<p>O Sisu oferece vagas no ensino superior, em institui\u00e7\u00f5es p\u00fablicas.\u00a0Nesta edi\u00e7\u00e3o, puderam concorrer os estudantes que fizeram o Exame Nacional do Ensino M\u00e9dio (Enem) em 2017 e obtiveram nota acima de zero na reda\u00e7\u00e3o.<\/p>\n<p>As vagas ser\u00e3o oferecidas em oito institui\u00e7\u00f5es p\u00fablicas estaduais, uma faculdade p\u00fablica municipal e 59 institui\u00e7\u00f5es p\u00fablicas federais, com dois centros de Educa\u00e7\u00e3o Tecnol\u00f3gica, 27 institutos federais de Educa\u00e7\u00e3o, Ci\u00eancia e Tecnologia e 30 universidades.<\/p>\n<p><em>(Fonte: Ag\u00eancia Brasil)<\/em><\/p>\n","protected":false},"excerpt":{"rendered":"<p>O Sisu oferece vagas no ensino superior em institui\u00e7\u00f5es p\u00fablicas<\/p>\n","protected":false},"author":10,"featured_media":12620,"comment_status":"closed","ping_status":"closed","sticky":false,"template":"","format":"standard","meta":{"footnotes":""},"categories":[2834,2828],"tags":[],"class_list":["post-12619","post","type-post","status-publish","format-standard","has-post-thumbnail","hentry","category-cidades","category-educacao"],"_links":{"self":[{"href":"https:\/\/tvtecjundiai.com.br\/news\/wp-json\/wp\/v2\/posts\/12619","targetHints":{"allow":["GET"]}}],"collection":[{"href":"https:\/\/tvtecjundiai.com.br\/news\/wp-json\/wp\/v2\/posts"}],"about":[{"href":"https:\/\/tvtecjundiai.com.br\/news\/wp-json\/wp\/v2\/types\/post"}],"author":[{"embeddable":true,"href":"https:\/\/tvtecjundiai.com.br\/news\/wp-json\/wp\/v2\/users\/10"}],"replies":[{"embeddable":true,"href":"https:\/\/tvtecjundiai.com.br\/news\/wp-json\/wp\/v2\/comments?post=12619"}],"version-history":[{"count":1,"href":"https:\/\/tvtecjundiai.com.br\/news\/wp-json\/wp\/v2\/posts\/12619\/revisions"}],"predecessor-version":[{"id":12621,"href":"https:\/\/tvtecjundiai.com.br\/news\/wp-json\/wp\/v2\/posts\/12619\/revisions\/12621"}],"wp:featuredmedia":[{"embeddable":true,"href":"https:\/\/tvtecjundiai.com.br\/news\/wp-json\/wp\/v2\/media\/12620"}],"wp:attachment":[{"href":"https:\/\/tvtecjundiai.com.br\/news\/wp-json\/wp\/v2\/media?parent=12619"}],"wp:term":[{"taxonomy":"category","embeddable":true,"href":"https:\/\/tvtecjundiai.com.br\/news\/wp-json\/wp\/v2\/categories?post=12619"},{"taxonomy":"post_tag","embeddable":true,"href":"https:\/\/tvtecjundiai.com.br\/news\/wp-json\/wp\/v2\/tags?post=12619"}],"curies":[{"name":"wp","href":"https:\/\/api.w.org\/{rel}","templated":true}]}}