{"id":126257,"date":"2025-03-20T09:19:27","date_gmt":"2025-03-20T12:19:27","guid":{"rendered":"https:\/\/tvtecjundiai.com.br\/news\/?p=126257"},"modified":"2025-03-20T09:21:40","modified_gmt":"2025-03-20T12:21:40","slug":"evento-do-mes-das-mulheres-reune-800-atletas-de-jundiai-em-sessao-de-cinema","status":"publish","type":"post","link":"https:\/\/tvtecjundiai.com.br\/news\/2025\/03\/20\/evento-do-mes-das-mulheres-reune-800-atletas-de-jundiai-em-sessao-de-cinema\/","title":{"rendered":"Evento do M\u00eas das Mulheres re\u00fane 800 atletas em sess\u00e3o de cinema"},"content":{"rendered":"\n<p>Uma manh\u00e3 de confraterniza\u00e7\u00e3o e celebra\u00e7\u00e3o marcou esta quarta-feira (19) para as mais de 800 mulheres que participam das atividades esportivas para maiores de 18 anos nos espa\u00e7os esportivos de Jundia\u00ed.<\/p>\n\n\n\n<p>Promovido pela Prefeitura de Jundia\u00ed, por meio da Unidade de Gest\u00e3o de Esporte e Lazer (UGEL), o encontro em comemora\u00e7\u00e3o ao m\u00eas das mulheres reuniu as participantes para uma sess\u00e3o especial de cinema, com a exibi\u00e7\u00e3o do filme nacional Uma Advogada Brilhante, estrelado por Leandro Hassum.<\/p>\n\n\n\n<figure class=\"wp-block-image\"><a href=\"https:\/\/jundiai.sp.gov.br\/noticias\/wp-content\/uploads\/sites\/32\/2025\/03\/ugel_semana_da_mulher_moviecom-1-1280x854.jpg\"><img decoding=\"async\" src=\"https:\/\/jundiai.sp.gov.br\/noticias\/wp-content\/uploads\/sites\/32\/2025\/03\/ugel_semana_da_mulher_moviecom-1-1280x854.jpg\" alt=\"\" class=\"wp-image-354937\" \/><\/a><figcaption class=\"wp-element-caption\">Evento em comemora\u00e7\u00e3o ao m\u00eas das mulheres leva centenas de pessoas ao cinema<\/figcaption><\/figure>\n\n\n\n<p>O evento contou com a presen\u00e7a do prefeito Gustavo Martinelli, que prestou homenagem \u00e0s mulheres e ressaltou sua import\u00e2ncia na sociedade.<\/p>\n\n\n\n<p>\u201cEsse evento de hoje proporciona o lazer, a socializa\u00e7\u00e3o. O esporte \u00e9 sa\u00fade, qualidade de vida e reeduca\u00e7\u00e3o. A energia dessas mulheres que est\u00e3o aqui \u00e9 contagiante. As mulheres s\u00e3o protagonistas em todas as \u00e1reas. Este evento celebra n\u00e3o s\u00f3 a dedica\u00e7\u00e3o de cada uma, mas tamb\u00e9m o impacto que elas t\u00eam em todos os segmentos. As mulheres tem o dom da vida e temos que aprender muito com elas\u201d, afirmou o prefeito.<\/p>\n\n\n\n<figure class=\"wp-block-image\"><a href=\"https:\/\/jundiai.sp.gov.br\/noticias\/wp-content\/uploads\/sites\/32\/2025\/03\/ugel_semana_da_mulher_moviecom-21-1280x854.jpg\"><img decoding=\"async\" src=\"https:\/\/jundiai.sp.gov.br\/noticias\/wp-content\/uploads\/sites\/32\/2025\/03\/ugel_semana_da_mulher_moviecom-21-1280x854.jpg\" alt=\"\" class=\"wp-image-354939\" \/><\/a><figcaption class=\"wp-element-caption\">Prefeito Gustavo Martinelli durante homenagem \u00e0s mulheres<\/figcaption><\/figure>\n\n\n\n<p>A diretora do Departamento de Esporte Educacional e Participa\u00e7\u00e3o, Rachel Ciaco Nunes, que \u00e9 uma das organizadoras do evento, destacou a import\u00e2ncia do encontro em comemora\u00e7\u00e3o ao m\u00eas das mulheres.&nbsp;<\/p>\n\n\n\n<p>\u201cNosso objetivo foi proporcionar um momento especial de integra\u00e7\u00e3o, lazer e reconhecimento para essas mulheres que fazem do esporte uma parte essencial de suas rotinas\u201d, destacou Rachel.<\/p>\n\n\n\n<figure class=\"wp-block-image\"><a href=\"https:\/\/jundiai.sp.gov.br\/noticias\/wp-content\/uploads\/sites\/32\/2025\/03\/ugel_semana_da_mulher_moviecom-3-1280x854.jpg\"><img decoding=\"async\" src=\"https:\/\/jundiai.sp.gov.br\/noticias\/wp-content\/uploads\/sites\/32\/2025\/03\/ugel_semana_da_mulher_moviecom-3-1280x854.jpg\" alt=\"\" class=\"wp-image-354941\" \/><\/a><figcaption class=\"wp-element-caption\">\u201cNosso objetivo foi proporcionar um momento especial de integra\u00e7\u00e3o\u201d, Rachel Ciaco Nunes, diretora do Departamento de Esporte Educacional<\/figcaption><\/figure>\n\n\n\n<p>J\u00e1 a gestora de Esporte e Lazer, Rita Orsi, refor\u00e7ou a relev\u00e2ncia da confraterniza\u00e7\u00e3o.<\/p>\n\n\n\n<p>\u201c\u00c9 um evento para sair da rotina, para socializar e sorrir.&nbsp; Essa homenagem \u00e0s mulheres \u00e9 um movimento social que proporciona momentos diferentes e de renova\u00e7\u00e3o das energias. \u00c9 tamb\u00e9m uma a\u00e7\u00e3o em conjunto do educador com as alunas\u201d, concluiu Rita Orsi.<\/p>\n\n\n\n<figure class=\"wp-block-image\"><a href=\"https:\/\/jundiai.sp.gov.br\/noticias\/wp-content\/uploads\/sites\/32\/2025\/03\/ugel_semana_da_mulher_moviecom-43-1280x854.jpg\"><img decoding=\"async\" src=\"https:\/\/jundiai.sp.gov.br\/noticias\/wp-content\/uploads\/sites\/32\/2025\/03\/ugel_semana_da_mulher_moviecom-43-1280x854.jpg\" alt=\"\" class=\"wp-image-354940\" \/><\/a><figcaption class=\"wp-element-caption\">Rita Orsi, gestora de Esporte e Lazer agradece as participantes do encontro<\/figcaption><\/figure>\n\n\n\n<p>Entre as participantes, o sentimento era de gratid\u00e3o e alegria. \u201c\u00c9 um dia maravilhoso! A socializa\u00e7\u00e3o \u00e9 fundamental. Eu participo de todos os encontros e atividades. Voltamos para casa com o sorriso no rosto\u201d, pontou a dona de casa Josi Pacheco, que participa de atividades esportivas no Centro de Conviv\u00eancia, Cultura, Trabalho e Gera\u00e7\u00e3o de Renda (CECCO) do Parque da Represa.<\/p>\n\n\n\n<p>\u201cAl\u00e9m de nos exercitarmos juntas o ano todo, hoje tivemos a oportunidade de nos divertir e estreitar ainda mais os la\u00e7os. Muitas que est\u00e3o aqui n\u00e3o tem a oportunidade de assistir a um filme em uma sala de cinema\u201d, comentou Eliane Berion, que faz aulas de gin\u00e1stica localizada no CECE Ant\u00f4nio de Lima, no bairro Agapeama.<\/p>\n\n\n\n<figure class=\"wp-block-image\"><a href=\"https:\/\/jundiai.sp.gov.br\/noticias\/wp-content\/uploads\/sites\/32\/2025\/03\/ugel_semana_da_mulher_moviecom-17-19-03-1280x854.jpg\"><img decoding=\"async\" src=\"https:\/\/jundiai.sp.gov.br\/noticias\/wp-content\/uploads\/sites\/32\/2025\/03\/ugel_semana_da_mulher_moviecom-17-19-03-1280x854.jpg\" alt=\"\" class=\"wp-image-354942\" \/><\/a><figcaption class=\"wp-element-caption\">Participantes de atividades esportivas durante encontro em homenagem \u00e0s mulheres<\/figcaption><\/figure>\n\n\n\n<p>A Prefeitura de Jundia\u00ed segue incentivando e ampliando as iniciativas voltadas para a sa\u00fade e o lazer da popula\u00e7\u00e3o, promovendo a\u00e7\u00f5es que valorizam e fortalecem o papel das mulheres no esporte.<\/p>\n\n\n\n<p>Fonte \/ Imagem: Prefeitura de Jundia\u00ed <\/p>\n","protected":false},"excerpt":{"rendered":"<p>O evento contou com a presen\u00e7a do prefeito de Jundia\u00ed, Gustavo Martinelli<\/p>\n","protected":false},"author":24,"featured_media":126258,"comment_status":"closed","ping_status":"0","sticky":false,"template":"","format":"standard","meta":{"footnotes":""},"categories":[29,2827,8356,1],"tags":[],"class_list":["post-126257","post","type-post","status-publish","format-standard","has-post-thumbnail","hentry","category-destaque","category-esportes-e-lazer","category-jundiai","category-noticias"],"_links":{"self":[{"href":"https:\/\/tvtecjundiai.com.br\/news\/wp-json\/wp\/v2\/posts\/126257","targetHints":{"allow":["GET"]}}],"collection":[{"href":"https:\/\/tvtecjundiai.com.br\/news\/wp-json\/wp\/v2\/posts"}],"about":[{"href":"https:\/\/tvtecjundiai.com.br\/news\/wp-json\/wp\/v2\/types\/post"}],"author":[{"embeddable":true,"href":"https:\/\/tvtecjundiai.com.br\/news\/wp-json\/wp\/v2\/users\/24"}],"replies":[{"embeddable":true,"href":"https:\/\/tvtecjundiai.com.br\/news\/wp-json\/wp\/v2\/comments?post=126257"}],"version-history":[{"count":4,"href":"https:\/\/tvtecjundiai.com.br\/news\/wp-json\/wp\/v2\/posts\/126257\/revisions"}],"predecessor-version":[{"id":126263,"href":"https:\/\/tvtecjundiai.com.br\/news\/wp-json\/wp\/v2\/posts\/126257\/revisions\/126263"}],"wp:featuredmedia":[{"embeddable":true,"href":"https:\/\/tvtecjundiai.com.br\/news\/wp-json\/wp\/v2\/media\/126258"}],"wp:attachment":[{"href":"https:\/\/tvtecjundiai.com.br\/news\/wp-json\/wp\/v2\/media?parent=126257"}],"wp:term":[{"taxonomy":"category","embeddable":true,"href":"https:\/\/tvtecjundiai.com.br\/news\/wp-json\/wp\/v2\/categories?post=126257"},{"taxonomy":"post_tag","embeddable":true,"href":"https:\/\/tvtecjundiai.com.br\/news\/wp-json\/wp\/v2\/tags?post=126257"}],"curies":[{"name":"wp","href":"https:\/\/api.w.org\/{rel}","templated":true}]}}