{"id":126480,"date":"2025-04-04T13:30:18","date_gmt":"2025-04-04T16:30:18","guid":{"rendered":"https:\/\/tvtecjundiai.com.br\/news\/?p=126480"},"modified":"2025-04-04T13:30:18","modified_gmt":"2025-04-04T16:30:18","slug":"mutirao-de-castracao-e-microchipagem-visa-reduzir-fila-de-espera-em-jundiai","status":"publish","type":"post","link":"https:\/\/tvtecjundiai.com.br\/news\/2025\/04\/04\/mutirao-de-castracao-e-microchipagem-visa-reduzir-fila-de-espera-em-jundiai\/","title":{"rendered":"Mutir\u00e3o de castra\u00e7\u00e3o e microchipagem visa reduzir fila de espera em Jundia\u00ed"},"content":{"rendered":"\n<p>O Departamento do Bem-Estar Animal (DEBEA) realizou mais um Mutir\u00e3o de Castra\u00e7\u00e3o e Microchipagem em sua sede. A iniciativa atendeu tutores previamente cadastrados na fila virtual do servi\u00e7o, garantindo a esteriliza\u00e7\u00e3o gratuita de c\u00e3es e gatos e contribuindo para o bem-estar animal na cidade.<\/p>\n\n\n\n<p><strong>Redu\u00e7\u00e3o da fila e controle populacional<\/strong><\/p>\n\n\n\n<p>O diretor do DEBEA, Rafael de Barros Mozeli, destacou que a a\u00e7\u00e3o busca reduzir a fila de espera e aprimorar o controle populacional. \u201cNosso objetivo \u00e9 avan\u00e7ar na castra\u00e7\u00e3o gratuita para garantir que menos animais fiquem vulner\u00e1veis nas ruas. Al\u00e9m disso, estamos revisando os cadastros para otimizar o atendimento e melhorar a efetividade do programa\u201d, explicou.<\/p>\n\n\n\n<p>Al\u00e9m da castra\u00e7\u00e3o, todos os animais atendidos recebem um microchip, permitindo a identifica\u00e7\u00e3o dos tutores em casos de perda ou abandono. \u201cSe um animal for encontrado abandonado, conseguimos rastrear o respons\u00e1vel e tomar as medidas necess\u00e1rias\u201d, ressaltou Mozeli.<\/p>\n\n\n\n<p>Nesta edi\u00e7\u00e3o do mutir\u00e3o, um total de 127 animais foram castrados, sendo:<\/p>\n\n\n\n<ul class=\"wp-block-list\">\n<li>Gatos: 29 machos e 44 f\u00eameas<\/li>\n\n\n\n<li>C\u00e3es: 15 machos e 39 f\u00eameas<\/li>\n<\/ul>\n\n\n\n<figure class=\"wp-block-image\"><a href=\"https:\/\/jundiai.sp.gov.br\/noticias\/wp-content\/uploads\/sites\/32\/2025\/04\/mutirao_castracao_debea-16-1280x854.jpg\"><img decoding=\"async\" src=\"https:\/\/jundiai.sp.gov.br\/noticias\/wp-content\/uploads\/sites\/32\/2025\/04\/mutirao_castracao_debea-16-1280x854.jpg\" alt=\"\" class=\"wp-image-355704\" \/><\/a><figcaption class=\"wp-element-caption\">Diretor do DEBEA, Rafael de Barros Mozeli, afirma que a meta \u00e9 reduzir a fila de espera formada h\u00e1 anos.<\/figcaption><\/figure>\n\n\n\n<p><strong>Apoio da comunidade<\/strong><\/p>\n\n\n\n<p>A a\u00e7\u00e3o tamb\u00e9m contou com a participa\u00e7\u00e3o de protetores independentes, como Maria Gouvea, de 71 anos. \u201cFrequento o DEBEA h\u00e1 25 anos e sempre trago animais para serem castrados. Eu mesma cuido de 27 c\u00e3es e 17 gatos resgatados e conto com as consultas e exames gratuitos do departamento\u201d, destacou.<\/p>\n\n\n\n<p>A assistente de escrita fiscal Patr\u00edcia Martins Rosam, que levou dois c\u00e3es para o mutir\u00e3o, tamb\u00e9m elogiou o programa. \u201cFiz o cadastro no site e fui chamada agora. Acho a iniciativa muito importante, principalmente para evitar que mais animais fiquem sem lar\u201d.<\/p>\n\n\n\n<figure class=\"wp-block-image\"><a href=\"https:\/\/jundiai.sp.gov.br\/noticias\/wp-content\/uploads\/sites\/32\/2025\/04\/mutirao_castracao_debea-6-1280x854.jpg\"><img decoding=\"async\" src=\"https:\/\/jundiai.sp.gov.br\/noticias\/wp-content\/uploads\/sites\/32\/2025\/04\/mutirao_castracao_debea-6-1280x854.jpg\" alt=\"\" class=\"wp-image-355705\" \/><\/a><figcaption class=\"wp-element-caption\">Maria Gouvea, protetora animal, sempre leva animais resgatados para serem castrados no DEBEA<\/figcaption><\/figure>\n\n\n\n<p><strong>Pr\u00f3ximas datas e como participar<\/strong><br>Para quem deseja inscrever seu pet, o cadastro pode ser feito pelo site do&nbsp;<a href=\"https:\/\/debea.jundiai.sp.gov.br\/\" target=\"_blank\" rel=\"noreferrer noopener\">DEBEA<\/a>, pelo aplicativo da Prefeitura ou pelo telefone (11) 4589-9307. Os pr\u00f3ximos mutir\u00f5es de castra\u00e7\u00e3o j\u00e1 t\u00eam data marcada: nos dias 14, 15 e 16 de abril, acontece o agendamento da castra\u00e7\u00e3o na EMEB Armanda Santina Polenti, no bairro Jundia\u00ed Mirim. Para o agendamento, os animais j\u00e1 devem estar cadastrados. J\u00e1 nos dias 26 e 27 de abril, acontece o mutir\u00e3o de castra\u00e7\u00e3o e microchipagem tamb\u00e9m no mesmo bairro para os animais que foram agendados.<\/p>\n\n\n\n<p>\u201cO nosso objetivo \u00e9 zerar a fila de espera e garantir que todos os animais cadastrados recebam o atendimento necess\u00e1rio\u201d, finalizou Rafael Mozeli. Com o apoio da comunidade, a iniciativa segue promovendo sa\u00fade e bem-estar para os animais de Jundia\u00ed.<\/p>\n\n\n\n<figure class=\"wp-block-image\"><a href=\"https:\/\/jundiai.sp.gov.br\/noticias\/wp-content\/uploads\/sites\/32\/2025\/04\/mutirao_castracao_debea-47-1280x854.jpg\"><img decoding=\"async\" src=\"https:\/\/jundiai.sp.gov.br\/noticias\/wp-content\/uploads\/sites\/32\/2025\/04\/mutirao_castracao_debea-47-1280x854.jpg\" alt=\"\" class=\"wp-image-355706\" \/><\/a><figcaption class=\"wp-element-caption\">Pr\u00f3ximo mutir\u00e3o acontece nos dias 26 e 27 de abril, no bairro Jundia\u00ed Mirim<\/figcaption><\/figure>\n\n\n\n<p>Fonte \/ Imagem : Prefeitura de Jundia\u00ed <\/p>\n","protected":false},"excerpt":{"rendered":"<p>Pr\u00f3ximo mutir\u00e3o acontece nos dias 26 e 27 de abril, no bairro Jundia\u00ed Mirim<\/p>\n","protected":false},"author":24,"featured_media":126481,"comment_status":"closed","ping_status":"0","sticky":false,"template":"","format":"standard","meta":{"footnotes":""},"categories":[1],"tags":[],"class_list":["post-126480","post","type-post","status-publish","format-standard","has-post-thumbnail","hentry","category-noticias"],"_links":{"self":[{"href":"https:\/\/tvtecjundiai.com.br\/news\/wp-json\/wp\/v2\/posts\/126480","targetHints":{"allow":["GET"]}}],"collection":[{"href":"https:\/\/tvtecjundiai.com.br\/news\/wp-json\/wp\/v2\/posts"}],"about":[{"href":"https:\/\/tvtecjundiai.com.br\/news\/wp-json\/wp\/v2\/types\/post"}],"author":[{"embeddable":true,"href":"https:\/\/tvtecjundiai.com.br\/news\/wp-json\/wp\/v2\/users\/24"}],"replies":[{"embeddable":true,"href":"https:\/\/tvtecjundiai.com.br\/news\/wp-json\/wp\/v2\/comments?post=126480"}],"version-history":[{"count":1,"href":"https:\/\/tvtecjundiai.com.br\/news\/wp-json\/wp\/v2\/posts\/126480\/revisions"}],"predecessor-version":[{"id":126482,"href":"https:\/\/tvtecjundiai.com.br\/news\/wp-json\/wp\/v2\/posts\/126480\/revisions\/126482"}],"wp:featuredmedia":[{"embeddable":true,"href":"https:\/\/tvtecjundiai.com.br\/news\/wp-json\/wp\/v2\/media\/126481"}],"wp:attachment":[{"href":"https:\/\/tvtecjundiai.com.br\/news\/wp-json\/wp\/v2\/media?parent=126480"}],"wp:term":[{"taxonomy":"category","embeddable":true,"href":"https:\/\/tvtecjundiai.com.br\/news\/wp-json\/wp\/v2\/categories?post=126480"},{"taxonomy":"post_tag","embeddable":true,"href":"https:\/\/tvtecjundiai.com.br\/news\/wp-json\/wp\/v2\/tags?post=126480"}],"curies":[{"name":"wp","href":"https:\/\/api.w.org\/{rel}","templated":true}]}}