{"id":126611,"date":"2025-04-10T08:21:45","date_gmt":"2025-04-10T11:21:45","guid":{"rendered":"https:\/\/tvtecjundiai.com.br\/news\/?p=126611"},"modified":"2025-04-10T14:06:53","modified_gmt":"2025-04-10T17:06:53","slug":"ensaios-da-orquestra-para-os-concertos-da-temporada-2025-passarao-a-ser-abertos-ao-publico","status":"publish","type":"post","link":"https:\/\/tvtecjundiai.com.br\/news\/2025\/04\/10\/ensaios-da-orquestra-para-os-concertos-da-temporada-2025-passarao-a-ser-abertos-ao-publico\/","title":{"rendered":"Ensaios da Orquestra passar\u00e3o a ser abertos ao p\u00fablico"},"content":{"rendered":"\n<p>Devido ao&nbsp;<a href=\"https:\/\/jundiai.sp.gov.br\/noticias\/2025\/03\/22\/em-ensaio-aberto-orquestra-apresenta-e-convida-o-publico-para-o-primeiro-concerto-da-temporada\/\">sucesso do ensaio aberto para o seu espet\u00e1culo de estreia em 2025<\/a>, todos os ensaios da Orquestra Municipal de Jundia\u00ed (OMJ) para esta temporada passar\u00e3o a ser abertos ao p\u00fablico. Sempre nas v\u00e9speras de cada concerto, todos os ensaios ser\u00e3o realizados no Teatro Polytheama, \u00e0s sextas-feiras, das 14h \u00e0s 15h30. A entrada \u00e9 gratuita e por ordem de chegada.<\/p>\n\n\n\n<p>O pr\u00f3ximo ser\u00e1 j\u00e1 nesta sexta-feira (11), a partir das 14h, em prepara\u00e7\u00e3o para o\u00a0<a href=\"https:\/\/jundiai.sp.gov.br\/noticias\/2025\/04\/07\/orquestra-municipal-apresenta-concerto-especial-da-semana-santa-na-igreja-da-vila-arens\/\" target=\"_blank\" rel=\"noreferrer noopener\">concerto especial alusivo \u00e0 Semana Santa do dia seguinte<\/a>. O ensaio ser\u00e1 no Teatro, ainda que o concerto do s\u00e1bado (12) seja descentralizado, desta vez na Par\u00f3quia Nossa Senhora da Concei\u00e7\u00e3o da Vila Arens.<\/p>\n\n\n\n<p><a href=\"https:\/\/www.flickr.com\/photos\/prefeituradejundiai\/albums\/72177720324620927\" target=\"_blank\" rel=\"noreferrer noopener\">CONFIRA AS FOTOS DO \u00daLTIMO CONCERTO DA OMJ<\/a><\/p>\n\n\n\n<p>A OMJ \u00e9 um dos corpos art\u00edsticos municipais ligados \u00e0 Unidade de Gest\u00e3o de Cultura (UGC). Os pr\u00f3ximos ensaios ser\u00e3o realizados nos dias: 30 de maio, 27 de junho, 18 de julho, 22 de agosto, 19 de setembro, 17 de outubro, 21 de novembro e 19 de dezembro \u2013 todas as datas \u00e0s sextas-feiras).<\/p>\n\n\n\n<p>O Teatro Polytheama fica na rua Bar\u00e3o de Jundia\u00ed, 176 \u2013 Centro. Todos os ensaios programados para este ano podem ser conferidos na&nbsp;<a href=\"https:\/\/cultura.jundiai.sp.gov.br\/eventos\/tag\/ensaio-aberto-da-orquestra\/\" target=\"_blank\" rel=\"noreferrer noopener\">Agenda Cultural<\/a>.<\/p>\n\n\n\n<figure class=\"wp-block-image\"><a href=\"https:\/\/jundiai.sp.gov.br\/noticias\/wp-content\/uploads\/sites\/32\/2025\/04\/ensaio_orquestra_teatro_polytheama_v-6-1280x854.jpg\"><img decoding=\"async\" src=\"https:\/\/jundiai.sp.gov.br\/noticias\/wp-content\/uploads\/sites\/32\/2025\/04\/ensaio_orquestra_teatro_polytheama_v-6-1280x854.jpg\" alt=\"\" class=\"wp-image-356031\" \/><\/a><figcaption class=\"wp-element-caption\">Independente do local de realiza\u00e7\u00e3o da apresenta\u00e7\u00e3o, ensaios ser\u00e3o sempre no Teatro Polytheama<\/figcaption><\/figure>\n\n\n\n<p><strong>Fonte: Prefeitura de Jundia\u00ed<\/strong><\/p>\n\n\n\n<p><strong>Fotos: Fot\u00f3grafos PMJ<\/strong><\/p>\n","protected":false},"excerpt":{"rendered":"<p>Todos os ensaios ser\u00e3o realizados no Teatro Polytheama, \u00e0s sextas-feiras.<\/p>\n","protected":false},"author":24,"featured_media":126612,"comment_status":"open","ping_status":"0","sticky":false,"template":"","format":"standard","meta":{"footnotes":""},"categories":[2833,8356],"tags":[],"class_list":["post-126611","post","type-post","status-publish","format-standard","has-post-thumbnail","hentry","category-cultura","category-jundiai"],"_links":{"self":[{"href":"https:\/\/tvtecjundiai.com.br\/news\/wp-json\/wp\/v2\/posts\/126611","targetHints":{"allow":["GET"]}}],"collection":[{"href":"https:\/\/tvtecjundiai.com.br\/news\/wp-json\/wp\/v2\/posts"}],"about":[{"href":"https:\/\/tvtecjundiai.com.br\/news\/wp-json\/wp\/v2\/types\/post"}],"author":[{"embeddable":true,"href":"https:\/\/tvtecjundiai.com.br\/news\/wp-json\/wp\/v2\/users\/24"}],"replies":[{"embeddable":true,"href":"https:\/\/tvtecjundiai.com.br\/news\/wp-json\/wp\/v2\/comments?post=126611"}],"version-history":[{"count":2,"href":"https:\/\/tvtecjundiai.com.br\/news\/wp-json\/wp\/v2\/posts\/126611\/revisions"}],"predecessor-version":[{"id":126614,"href":"https:\/\/tvtecjundiai.com.br\/news\/wp-json\/wp\/v2\/posts\/126611\/revisions\/126614"}],"wp:featuredmedia":[{"embeddable":true,"href":"https:\/\/tvtecjundiai.com.br\/news\/wp-json\/wp\/v2\/media\/126612"}],"wp:attachment":[{"href":"https:\/\/tvtecjundiai.com.br\/news\/wp-json\/wp\/v2\/media?parent=126611"}],"wp:term":[{"taxonomy":"category","embeddable":true,"href":"https:\/\/tvtecjundiai.com.br\/news\/wp-json\/wp\/v2\/categories?post=126611"},{"taxonomy":"post_tag","embeddable":true,"href":"https:\/\/tvtecjundiai.com.br\/news\/wp-json\/wp\/v2\/tags?post=126611"}],"curies":[{"name":"wp","href":"https:\/\/api.w.org\/{rel}","templated":true}]}}