{"id":12663,"date":"2018-06-22T18:23:11","date_gmt":"2018-06-22T21:23:11","guid":{"rendered":"https:\/\/tvtecjundiai.com.br\/news\/?p=12663"},"modified":"2018-06-22T18:23:11","modified_gmt":"2018-06-22T21:23:11","slug":"mais-de-114-mil-aderem-ao-dia-do-desafio","status":"publish","type":"post","link":"https:\/\/tvtecjundiai.com.br\/news\/2018\/06\/22\/mais-de-114-mil-aderem-ao-dia-do-desafio\/","title":{"rendered":"Mais de 114 mil aderem ao Dia do Desafio"},"content":{"rendered":"<div id=\"attachment_12664\" style=\"width: 460px\" class=\"wp-caption alignright\"><a href=\"https:\/\/tvtecjundiai.com.br\/news\/wp-content\/uploads\/sites\/2\/2018\/06\/desafio1.jpg\"><img loading=\"lazy\" decoding=\"async\" aria-describedby=\"caption-attachment-12664\" class=\"wp-image-12664\" src=\"https:\/\/tvtecjundiai.com.br\/news\/wp-content\/uploads\/sites\/2\/2018\/06\/desafio1-300x229.jpg\" alt=\"\" width=\"450\" height=\"344\" srcset=\"https:\/\/tvtecjundiai.com.br\/news\/wp-content\/uploads\/sites\/2\/2018\/06\/desafio1-300x229.jpg 300w, https:\/\/tvtecjundiai.com.br\/news\/wp-content\/uploads\/sites\/2\/2018\/06\/desafio1-768x586.jpg 768w, https:\/\/tvtecjundiai.com.br\/news\/wp-content\/uploads\/sites\/2\/2018\/06\/desafio1-1200x916.jpg 1200w, https:\/\/tvtecjundiai.com.br\/news\/wp-content\/uploads\/sites\/2\/2018\/06\/desafio1.jpg 1201w\" sizes=\"auto, (max-width: 450px) 100vw, 450px\" \/><\/a><p id=\"caption-attachment-12664\" class=\"wp-caption-text\">Objetivo de colocar as pessoas para se movimentarem foi alcan\u00e7ado<\/p><\/div>\n<p>O objetivo do Dia do Desafio foi alcan\u00e7ado pela Unidade de Gest\u00e3o de Esporte e Lazer (UGEL): influenciar a pr\u00e1tica de atividades f\u00edsicas e colocar o corpo para se movimentar. Al\u00e9m das atividades programadas em parceria com o SESC, que contaram com a participa\u00e7\u00e3o dos alunos dos Complexos Educacionais, Culturais e Esportivos (CECEs), outras atividades foram organizadas pelos professores dos espa\u00e7os.<\/p>\n<p>A contabiliza\u00e7\u00e3o total\u00a0de participantes foi de 114.658, representando 31% da popula\u00e7\u00e3o, conforme Censo do Instituto Brasileiro de Geografia e Estat\u00edstica (IBGE). A cidade acabou perdendo para a venezuelana Maracay, que teve 32% da popula\u00e7\u00e3o adepta de 129.423.<\/p>\n<p>Segundo a diretora do Departamento de Esporte Educacional e Participa\u00e7\u00e3o, M\u00e1rcia Pavan Guilherme, o Dia do Desafio auxilia na proposta da UGEL de difundir a pr\u00e1tica de atividades f\u00edsicas preconizada pela unidade. \u201cComo o nome diz, \u00e9 um desafio para o corpo, incentivado pela disputa com outra cidade. Apesar de termos perdido, a meta principal de fazer a popula\u00e7\u00e3o se exercitar, foi alcan\u00e7ada\u201d, comenta.<\/p>\n<p><em>(Fonte: Prefeitura de Jundia\u00ed)<\/em><\/p>\n","protected":false},"excerpt":{"rendered":"<p>Objetivo de colocar as pessoas para se movimentarem foi alcan\u00e7ado<\/p>\n","protected":false},"author":10,"featured_media":12664,"comment_status":"closed","ping_status":"closed","sticky":false,"template":"","format":"standard","meta":{"footnotes":""},"categories":[2834,2827],"tags":[3045,5,15],"class_list":["post-12663","post","type-post","status-publish","format-standard","has-post-thumbnail","hentry","category-cidades","category-esportes-e-lazer","tag-dia-do-desafio","tag-jundiai","tag-tvtec"],"_links":{"self":[{"href":"https:\/\/tvtecjundiai.com.br\/news\/wp-json\/wp\/v2\/posts\/12663","targetHints":{"allow":["GET"]}}],"collection":[{"href":"https:\/\/tvtecjundiai.com.br\/news\/wp-json\/wp\/v2\/posts"}],"about":[{"href":"https:\/\/tvtecjundiai.com.br\/news\/wp-json\/wp\/v2\/types\/post"}],"author":[{"embeddable":true,"href":"https:\/\/tvtecjundiai.com.br\/news\/wp-json\/wp\/v2\/users\/10"}],"replies":[{"embeddable":true,"href":"https:\/\/tvtecjundiai.com.br\/news\/wp-json\/wp\/v2\/comments?post=12663"}],"version-history":[{"count":1,"href":"https:\/\/tvtecjundiai.com.br\/news\/wp-json\/wp\/v2\/posts\/12663\/revisions"}],"predecessor-version":[{"id":12665,"href":"https:\/\/tvtecjundiai.com.br\/news\/wp-json\/wp\/v2\/posts\/12663\/revisions\/12665"}],"wp:featuredmedia":[{"embeddable":true,"href":"https:\/\/tvtecjundiai.com.br\/news\/wp-json\/wp\/v2\/media\/12664"}],"wp:attachment":[{"href":"https:\/\/tvtecjundiai.com.br\/news\/wp-json\/wp\/v2\/media?parent=12663"}],"wp:term":[{"taxonomy":"category","embeddable":true,"href":"https:\/\/tvtecjundiai.com.br\/news\/wp-json\/wp\/v2\/categories?post=12663"},{"taxonomy":"post_tag","embeddable":true,"href":"https:\/\/tvtecjundiai.com.br\/news\/wp-json\/wp\/v2\/tags?post=12663"}],"curies":[{"name":"wp","href":"https:\/\/api.w.org\/{rel}","templated":true}]}}