{"id":126671,"date":"2025-04-11T13:23:04","date_gmt":"2025-04-11T16:23:04","guid":{"rendered":"https:\/\/tvtecjundiai.com.br\/news\/?p=126671"},"modified":"2025-04-11T13:30:29","modified_gmt":"2025-04-11T16:30:29","slug":"avenida-antonio-pincinato-e-liberada-pela-dae-nesta-sexta-feira-11","status":"publish","type":"post","link":"https:\/\/tvtecjundiai.com.br\/news\/2025\/04\/11\/avenida-antonio-pincinato-e-liberada-pela-dae-nesta-sexta-feira-11\/","title":{"rendered":"Avenida Ant\u00f4nio Pincinato \u00e9 liberada pela DAE nesta sexta-feira (11)"},"content":{"rendered":"\n<p>Os motoristas que passam pela Avenida Ant\u00f4nio Pincinato, na regi\u00e3o do bairro Eloy Chaves, voltaram a circular normalmente pela via nesta sexta-feira (11). A avenida foi totalmente liberada ap\u00f3s a conclus\u00e3o do recapeamento asf\u00e1ltico no trecho onde houve o rompimento de uma adutora da DAE Jundia\u00ed. O trabalho \u00e9 resultado de um esfor\u00e7o conjunto entre a DAE Jundia\u00ed, a Unidade de Gest\u00e3o de Servi\u00e7os P\u00fablicos (UGISP) e a Unidade de Gest\u00e3o de Mobilidade e Transporte (UGMT), respons\u00e1vel pela coordena\u00e7\u00e3o do tr\u00e2nsito e sinaliza\u00e7\u00e3o.<\/p>\n\n\n\n<p>Na data, a equipe de manuten\u00e7\u00e3o da DAE realizou, em poucas horas, a substitui\u00e7\u00e3o da tubula\u00e7\u00e3o e a normaliza\u00e7\u00e3o do abastecimento. Ap\u00f3s a manuten\u00e7\u00e3o, foi necess\u00e1rio reconstruir a base da pista e compactar o solo, para ent\u00e3o aplicar a nova pavimenta\u00e7\u00e3o.<\/p>\n\n\n\n<figure class=\"wp-block-image\"><a href=\"https:\/\/jundiai.sp.gov.br\/noticias\/wp-content\/uploads\/sites\/32\/2025\/04\/antonio-pincinatto-6-1280x720.jpg\"><img decoding=\"async\" src=\"https:\/\/jundiai.sp.gov.br\/noticias\/wp-content\/uploads\/sites\/32\/2025\/04\/antonio-pincinatto-6-1280x720.jpg\" alt=\"\" class=\"wp-image-356243\" \/><\/a><\/figure>\n\n\n\n<p>\u201cAo abrir o pavimento foi identificado que o dano causado pelo rompimento havia sido mais extenso que inicialmente previsto, o que acarretou um prazo maior para o servi\u00e7o de recapeamento\u201d, explica o diretor superintendente de Engenharia da empresa, Jo\u00e3o Viveiros. Ao todo, 200 metros da via foram danificados pelo vazamento. Al\u00e9m disso, a DAE refez mais 100 metros de pavimento que estavam deteriorados devido \u00e0s condi\u00e7\u00f5es e ao tempo de uso da via, totalizando 300 metros de recapeamento.<\/p>\n\n\n\n<p>Viveiros explica ainda que, al\u00e9m da complexidade do servi\u00e7o, as condi\u00e7\u00f5es clim\u00e1ticas tamb\u00e9m interferiram no andamento do reparo. Durante o per\u00edodo de execu\u00e7\u00e3o da obra, a regi\u00e3o enfrentou sete dias de chuvas intensas. \u201cA chuva interfere na condi\u00e7\u00e3o da base que precisa estar completamente seca para receber o asfalto. Mesmo com essas intercorr\u00eancias, nossas equipes trabalharam diariamente para entregar a via em perfeitas condi\u00e7\u00f5es, atendendo aos par\u00e2metros de qualidade e seguran\u00e7a\u201d. O trecho danificado foi completamente recuperado pela DAE, em parceria com a Unidade de Gest\u00e3o de Infraestrutura e Servi\u00e7os P\u00fablicos da Prefeitura de Jundia\u00ed.<\/p>\n\n\n\n<p>Durante o per\u00edodo de interdi\u00e7\u00e3o, agentes de tr\u00e2nsito da Prefeitura de Jundia\u00ed atuaram para minimizar os impactos no tr\u00e1fego, orientando motoristas e fazendo o monitoramento do fluxo da via. Paralelamente, equipes de manuten\u00e7\u00e3o, trabalharam na revitaliza\u00e7\u00e3o da via, garantindo a seguran\u00e7a e fluidez.<\/p>\n\n\n\n<p><strong>Fonte \/ Imagem: Prefeitura de Jundia\u00ed<\/strong><\/p>\n","protected":false},"excerpt":{"rendered":"<p>A avenida foi totalmente reaberta ap\u00f3s o t\u00e9rmino das obras de recapeamento.<\/p>\n","protected":false},"author":24,"featured_media":126672,"comment_status":"open","ping_status":"0","sticky":false,"template":"","format":"standard","meta":{"footnotes":""},"categories":[2834,8405,29,8391,8356,5697,1,3059],"tags":[],"class_list":["post-126671","post","type-post","status-publish","format-standard","has-post-thumbnail","hentry","category-cidades","category-dae","category-destaque","category-infraestrutura","category-jundiai","category-mobilidade-noticias","category-noticias","category-transportes"],"_links":{"self":[{"href":"https:\/\/tvtecjundiai.com.br\/news\/wp-json\/wp\/v2\/posts\/126671","targetHints":{"allow":["GET"]}}],"collection":[{"href":"https:\/\/tvtecjundiai.com.br\/news\/wp-json\/wp\/v2\/posts"}],"about":[{"href":"https:\/\/tvtecjundiai.com.br\/news\/wp-json\/wp\/v2\/types\/post"}],"author":[{"embeddable":true,"href":"https:\/\/tvtecjundiai.com.br\/news\/wp-json\/wp\/v2\/users\/24"}],"replies":[{"embeddable":true,"href":"https:\/\/tvtecjundiai.com.br\/news\/wp-json\/wp\/v2\/comments?post=126671"}],"version-history":[{"count":3,"href":"https:\/\/tvtecjundiai.com.br\/news\/wp-json\/wp\/v2\/posts\/126671\/revisions"}],"predecessor-version":[{"id":126676,"href":"https:\/\/tvtecjundiai.com.br\/news\/wp-json\/wp\/v2\/posts\/126671\/revisions\/126676"}],"wp:featuredmedia":[{"embeddable":true,"href":"https:\/\/tvtecjundiai.com.br\/news\/wp-json\/wp\/v2\/media\/126672"}],"wp:attachment":[{"href":"https:\/\/tvtecjundiai.com.br\/news\/wp-json\/wp\/v2\/media?parent=126671"}],"wp:term":[{"taxonomy":"category","embeddable":true,"href":"https:\/\/tvtecjundiai.com.br\/news\/wp-json\/wp\/v2\/categories?post=126671"},{"taxonomy":"post_tag","embeddable":true,"href":"https:\/\/tvtecjundiai.com.br\/news\/wp-json\/wp\/v2\/tags?post=126671"}],"curies":[{"name":"wp","href":"https:\/\/api.w.org\/{rel}","templated":true}]}}