{"id":12674,"date":"2018-06-25T09:14:13","date_gmt":"2018-06-25T12:14:13","guid":{"rendered":"https:\/\/tvtecjundiai.com.br\/news\/?p=12674"},"modified":"2018-06-25T09:14:13","modified_gmt":"2018-06-25T12:14:13","slug":"prefeitura-promove-evento-de-conscientizacao-para-motociclistas","status":"publish","type":"post","link":"https:\/\/tvtecjundiai.com.br\/news\/2018\/06\/25\/prefeitura-promove-evento-de-conscientizacao-para-motociclistas\/","title":{"rendered":"Prefeitura promove evento de conscientiza\u00e7\u00e3o para motociclistas"},"content":{"rendered":"<p>A Unidade de Gest\u00e3o de Mobilidade e Transporte (UGMT), por meio da Diretoria de Tr\u00e2nsito, promove, na pr\u00f3xima segunda (25) e ter\u00e7a-feira (26), a segunda etapa do Projeto Motociclistas, desenvolvido em parceria com o Movimento Paulista de Seguran\u00e7a no Tr\u00e2nsito e as concession\u00e1rias Viva (Yamaha) e Mila (Honda). O objetivo \u00e9 orientar os motociclistas sobre quest\u00f5es de seguran\u00e7a e atualiz\u00e1-los sobre aspectos diversos.<\/p>\n<p>Os motociclistas foram orientados sobre a import\u00e2ncia de pilotar de forma segura e receberam material informativo e adesivos refletivos para o capacete, que \u00e9 um item de seguran\u00e7a.<\/p>\n<div id=\"attachment_12675\" style=\"width: 349px\" class=\"wp-caption alignleft\"><a href=\"https:\/\/tvtecjundiai.com.br\/news\/wp-content\/uploads\/sites\/2\/2018\/06\/sinalizacao-na-rua-bom-jesus-de-pirapora-90.jpg\"><img loading=\"lazy\" decoding=\"async\" aria-describedby=\"caption-attachment-12675\" class=\"wp-image-12675\" src=\"https:\/\/tvtecjundiai.com.br\/news\/wp-content\/uploads\/sites\/2\/2018\/06\/sinalizacao-na-rua-bom-jesus-de-pirapora-90-300x199.jpg\" alt=\"\" width=\"339\" height=\"225\" srcset=\"https:\/\/tvtecjundiai.com.br\/news\/wp-content\/uploads\/sites\/2\/2018\/06\/sinalizacao-na-rua-bom-jesus-de-pirapora-90-300x199.jpg 300w, https:\/\/tvtecjundiai.com.br\/news\/wp-content\/uploads\/sites\/2\/2018\/06\/sinalizacao-na-rua-bom-jesus-de-pirapora-90-768x510.jpg 768w, https:\/\/tvtecjundiai.com.br\/news\/wp-content\/uploads\/sites\/2\/2018\/06\/sinalizacao-na-rua-bom-jesus-de-pirapora-90-1200x797.jpg 1200w, https:\/\/tvtecjundiai.com.br\/news\/wp-content\/uploads\/sites\/2\/2018\/06\/sinalizacao-na-rua-bom-jesus-de-pirapora-90.jpg 1280w\" sizes=\"auto, (max-width: 339px) 100vw, 339px\" \/><\/a><p id=\"caption-attachment-12675\" class=\"wp-caption-text\">A\u00e7\u00e3o visa conscientizar os motociclistas sobre seguran\u00e7a vi\u00e1ria<\/p><\/div>\n<p>Na segunda etapa, na pr\u00f3xima semana, os motociclistas ser\u00e3o abordados para participa\u00e7\u00e3o, com apoio da fiscaliza\u00e7\u00e3o de tr\u00e2nsito, e receber\u00e3o dicas de pilotagem, material informativo, adesivos refletivos para capacete e tamb\u00e9m ganhar\u00e3o uma troca de \u00f3leo, oferecida pelas concession\u00e1rias. A a\u00e7\u00e3o ocorre na Viva Motos (Av. Dr. Cavalcanti, 767) no dia 25, e na Mila Moto (Rua 23 de Maio, 740), no dia 26.<\/p>\n<p>Podem participar motociclistas com qualquer ve\u00edculo, independente da marca e modelo, em qualquer uma das concession\u00e1rias. Outras a\u00e7\u00f5es ser\u00e3o implantadas ao longo do ano, a fim de aumentar a seguran\u00e7a vi\u00e1ria. De janeiro a maio deste ano, 14 pessoas morreram em acidentes de tr\u00e2nsito em Jundia\u00ed, sendo que, destas, sete eram motociclistas (50%).<\/p>\n<p><em>(Fonte: Prefeitura de Jundia\u00ed)<\/em><\/p>\n","protected":false},"excerpt":{"rendered":"<p>A primeira fase do projeto foi realizada em faculdades de Jundia\u00ed durante o Movimento Maio Amarelo <\/p>\n","protected":false},"author":11,"featured_media":12675,"comment_status":"closed","ping_status":"closed","sticky":false,"template":"","format":"standard","meta":{"footnotes":""},"categories":[2834,1,3059],"tags":[3488,3489,807,806,788],"class_list":["post-12674","post","type-post","status-publish","format-standard","has-post-thumbnail","hentry","category-cidades","category-noticias","category-transportes","tag-departamento-de-transito","tag-motociclistas","tag-movimento-paulista-de-seguranca-no-transito","tag-seguranca-no-transito","tag-ugmt"],"_links":{"self":[{"href":"https:\/\/tvtecjundiai.com.br\/news\/wp-json\/wp\/v2\/posts\/12674","targetHints":{"allow":["GET"]}}],"collection":[{"href":"https:\/\/tvtecjundiai.com.br\/news\/wp-json\/wp\/v2\/posts"}],"about":[{"href":"https:\/\/tvtecjundiai.com.br\/news\/wp-json\/wp\/v2\/types\/post"}],"author":[{"embeddable":true,"href":"https:\/\/tvtecjundiai.com.br\/news\/wp-json\/wp\/v2\/users\/11"}],"replies":[{"embeddable":true,"href":"https:\/\/tvtecjundiai.com.br\/news\/wp-json\/wp\/v2\/comments?post=12674"}],"version-history":[{"count":1,"href":"https:\/\/tvtecjundiai.com.br\/news\/wp-json\/wp\/v2\/posts\/12674\/revisions"}],"predecessor-version":[{"id":12676,"href":"https:\/\/tvtecjundiai.com.br\/news\/wp-json\/wp\/v2\/posts\/12674\/revisions\/12676"}],"wp:featuredmedia":[{"embeddable":true,"href":"https:\/\/tvtecjundiai.com.br\/news\/wp-json\/wp\/v2\/media\/12675"}],"wp:attachment":[{"href":"https:\/\/tvtecjundiai.com.br\/news\/wp-json\/wp\/v2\/media?parent=12674"}],"wp:term":[{"taxonomy":"category","embeddable":true,"href":"https:\/\/tvtecjundiai.com.br\/news\/wp-json\/wp\/v2\/categories?post=12674"},{"taxonomy":"post_tag","embeddable":true,"href":"https:\/\/tvtecjundiai.com.br\/news\/wp-json\/wp\/v2\/tags?post=12674"}],"curies":[{"name":"wp","href":"https:\/\/api.w.org\/{rel}","templated":true}]}}