{"id":126743,"date":"2025-04-14T10:53:45","date_gmt":"2025-04-14T13:53:45","guid":{"rendered":"https:\/\/tvtecjundiai.com.br\/news\/?p=126743"},"modified":"2025-04-14T10:53:45","modified_gmt":"2025-04-14T13:53:45","slug":"orquestra-municipal-emociona-o-publico-durante-concerto-da-semana-santa","status":"publish","type":"post","link":"https:\/\/tvtecjundiai.com.br\/news\/2025\/04\/14\/orquestra-municipal-emociona-o-publico-durante-concerto-da-semana-santa\/","title":{"rendered":"Orquestra Municipal emociona o p\u00fablico durante Concerto da Semana Santa"},"content":{"rendered":"\n<p>A Orquestra Municipal de Jundia\u00ed se apresentou no \u00faltimo s\u00e1bado (12) na Igreja da Vila Arens \u2013 Par\u00f3quia Nossa Senhora da Concei\u00e7\u00e3o, com um concerto especial em celebra\u00e7\u00e3o \u00e0 Semana Santa.<br>O evento que emocionou o p\u00fablico teve a dire\u00e7\u00e3o art\u00edstica e reg\u00eancia da maestrina Cl\u00e1udia Feres.<\/p>\n\n\n\n<p>\u201c\u00c9 sempre uma alegria ver a comunidade prestigiando a m\u00fasica com tanto respeito e sensibilidade. Foi uma apresenta\u00e7\u00e3o especial. \u00c9 um orgulho levar a arte para tanta gente\u201d, destacou Cl\u00e1udia Feres.<\/p>\n\n\n\n<figure class=\"wp-block-image\"><a href=\"https:\/\/jundiai.sp.gov.br\/noticias\/wp-content\/uploads\/sites\/32\/2025\/04\/orquestra_municipal_paroquia_ns_da_conceicao-10-1-1280x854.jpg\"><img decoding=\"async\" src=\"https:\/\/jundiai.sp.gov.br\/noticias\/wp-content\/uploads\/sites\/32\/2025\/04\/orquestra_municipal_paroquia_ns_da_conceicao-10-1-1280x854.jpg\" alt=\"\" class=\"wp-image-356310\" \/><\/a><figcaption class=\"wp-element-caption\">Orquestra Municipal de Jundia\u00ed emociona o p\u00fablico durante apresenta\u00e7\u00e3o especial em celebra\u00e7\u00e3o \u00e0 Semana Santa<\/figcaption><\/figure>\n\n\n\n<p><strong>Programa:<\/strong><br>O programa trouxe obras de grandes artistas da m\u00fasica erudita do per\u00edodo barroco:<br>Concerto Grosso N\u00ba 1, de Alessandro Scarlatti (1660\u20131725), e Stabat Mater, de Giovanni Battista Pergolesi (1710\u20131736), interpretado pelas vozes da soprano Regiane Martinez e do contra-tenor C\u00e1ssio Pereira, com acompanhamento de Isabel Kanji ao \u00f3rg\u00e3o.<\/p>\n\n\n\n<p><strong>P\u00fablico<\/strong><br>O espet\u00e1culo lotou a par\u00f3quia e emocionou muita gente. A bi\u00f3loga Lidiane da Silva companhou pela primeira vez a apresenta\u00e7\u00e3o da Orquestra e revelou que, em diversos momentos, foi \u00e0s l\u00e1grimas.<\/p>\n\n\n\n<p>\u201cFoi uma excelente oportunidade para divulgar a m\u00fasica. Levar a arte para as pessoas \u00e9 maravilhoso. Em v\u00e1rios momentos fiquei emocionada\u201d, contou<\/p>\n\n\n\n<figure class=\"wp-block-image\"><a href=\"https:\/\/jundiai.sp.gov.br\/noticias\/wp-content\/uploads\/sites\/32\/2025\/04\/orquestra_municipal_paroquia_ns_da_conceicao-25-1280x854.jpg\"><img decoding=\"async\" src=\"https:\/\/jundiai.sp.gov.br\/noticias\/wp-content\/uploads\/sites\/32\/2025\/04\/orquestra_municipal_paroquia_ns_da_conceicao-25-1280x854.jpg\" alt=\"\" class=\"wp-image-356312\" \/><\/a><figcaption class=\"wp-element-caption\">Par\u00f3quia Nossa Senhora da Concei\u00e7\u00e3o recebe Orquestra Municipal em celebra\u00e7\u00e3o \u00e0 Semana Santa<\/figcaption><\/figure>\n\n\n\n<p><br>A gestora da Unidade de Gest\u00e3o de Cultura (UGC), Clarina Fasanaro, tamb\u00e9m acompanhou o concerto e destacou a relev\u00e2ncia da iniciativa.<\/p>\n\n\n\n<p>\u201cA apresenta\u00e7\u00e3o da Orquestra na abertura da Semana Santa foi um momento de grande sensibilidade e conex\u00e3o com o p\u00fablico. A arte tem esse poder transformador, e ver a igreja cheia, com as pessoas emocionadas, s\u00f3 refor\u00e7a a import\u00e2ncia de investirmos cada vez mais em cultura\u201d, afirmou.<\/p>\n\n\n\n<figure class=\"wp-block-image\"><a href=\"https:\/\/jundiai.sp.gov.br\/noticias\/wp-content\/uploads\/sites\/32\/2025\/04\/orquestra_municipal_paroquia_ns_da_conceicao-16-1280x854.jpg\"><img decoding=\"async\" src=\"https:\/\/jundiai.sp.gov.br\/noticias\/wp-content\/uploads\/sites\/32\/2025\/04\/orquestra_municipal_paroquia_ns_da_conceicao-16-1280x854.jpg\" alt=\"\" class=\"wp-image-356313\" \/><\/a><figcaption class=\"wp-element-caption\">\u201cA arte tem esse poder transformador\u201d, Clarina Fasanaro, gestora da Unidade Cultura<\/figcaption><\/figure>\n\n\n\n<p>O concerto integrou a programa\u00e7\u00e3o cultural da cidade em celebra\u00e7\u00e3o \u00e0 P\u00e1scoa, refor\u00e7ando o compromisso da Prefeitura de Jundia\u00ed com a valoriza\u00e7\u00e3o da cultura e da m\u00fasica de qualidade para todos os p\u00fablicos.<\/p>\n\n\n\n<p><strong>Fonte: Prefeitura de Jundia\u00ed<\/strong><br><strong>Fotos: Fot\u00f3grafo PMJ<\/strong><\/p>\n","protected":false},"excerpt":{"rendered":"<p>Evento foi regido pela maestrina Cl\u00e1udia Feres.<\/p>\n","protected":false},"author":24,"featured_media":126744,"comment_status":"open","ping_status":"0","sticky":false,"template":"","format":"standard","meta":{"footnotes":""},"categories":[2833,8429,8356,3077],"tags":[],"class_list":["post-126743","post","type-post","status-publish","format-standard","has-post-thumbnail","hentry","category-cultura","category-eventos","category-jundiai","category-religiao"],"_links":{"self":[{"href":"https:\/\/tvtecjundiai.com.br\/news\/wp-json\/wp\/v2\/posts\/126743","targetHints":{"allow":["GET"]}}],"collection":[{"href":"https:\/\/tvtecjundiai.com.br\/news\/wp-json\/wp\/v2\/posts"}],"about":[{"href":"https:\/\/tvtecjundiai.com.br\/news\/wp-json\/wp\/v2\/types\/post"}],"author":[{"embeddable":true,"href":"https:\/\/tvtecjundiai.com.br\/news\/wp-json\/wp\/v2\/users\/24"}],"replies":[{"embeddable":true,"href":"https:\/\/tvtecjundiai.com.br\/news\/wp-json\/wp\/v2\/comments?post=126743"}],"version-history":[{"count":1,"href":"https:\/\/tvtecjundiai.com.br\/news\/wp-json\/wp\/v2\/posts\/126743\/revisions"}],"predecessor-version":[{"id":126745,"href":"https:\/\/tvtecjundiai.com.br\/news\/wp-json\/wp\/v2\/posts\/126743\/revisions\/126745"}],"wp:featuredmedia":[{"embeddable":true,"href":"https:\/\/tvtecjundiai.com.br\/news\/wp-json\/wp\/v2\/media\/126744"}],"wp:attachment":[{"href":"https:\/\/tvtecjundiai.com.br\/news\/wp-json\/wp\/v2\/media?parent=126743"}],"wp:term":[{"taxonomy":"category","embeddable":true,"href":"https:\/\/tvtecjundiai.com.br\/news\/wp-json\/wp\/v2\/categories?post=126743"},{"taxonomy":"post_tag","embeddable":true,"href":"https:\/\/tvtecjundiai.com.br\/news\/wp-json\/wp\/v2\/tags?post=126743"}],"curies":[{"name":"wp","href":"https:\/\/api.w.org\/{rel}","templated":true}]}}