{"id":126767,"date":"2025-04-15T08:30:44","date_gmt":"2025-04-15T11:30:44","guid":{"rendered":"https:\/\/tvtecjundiai.com.br\/news\/?p=126767"},"modified":"2025-04-15T08:37:44","modified_gmt":"2025-04-15T11:37:44","slug":"fmj-conquista-nota-maxima-no-enade","status":"publish","type":"post","link":"https:\/\/tvtecjundiai.com.br\/news\/2025\/04\/15\/fmj-conquista-nota-maxima-no-enade\/","title":{"rendered":"Faculdade de Medicina de Jundia\u00ed conquista nota m\u00e1xima no ENADE"},"content":{"rendered":"\n<p>O Exame Nacional de Desempenho dos Estudantes (ENADE) \u00e9 uma das principais ferramentas do Minist\u00e9rio da Educa\u00e7\u00e3o (MEC) para avaliar a qualidade dos cursos superiores no Brasil. Em 2023, o curso de Medicina voltou a ser avaliado, o que sempre gera grande expectativa entre alunos, professores e institui\u00e7\u00f5es de ensino.<\/p>\n\n\n\n<p>Entre os 309 cursos de Medicina avaliados em todo o pa\u00eds, somente 45 conquistaram a nota m\u00e1xima (conceito 5) no ENADE \u2014 e a Faculdade de Medicina de Jundia\u00ed (FMJ) est\u00e1 entre eles. A pontua\u00e7\u00e3o reflete a m\u00e9dia de desempenho dos estudantes concluintes na prova e serve como um importante indicador da qualidade da forma\u00e7\u00e3o oferecida pelas institui\u00e7\u00f5es.<\/p>\n\n\n\n<figure class=\"wp-block-image size-large\"><img loading=\"lazy\" decoding=\"async\" width=\"1200\" height=\"675\" src=\"https:\/\/tvtecjundiai.com.br\/news\/wp-content\/uploads\/sites\/2\/2025\/04\/Fachada-Unidade-4-FMJ-7-scaled-1-1200x675.jpg\" alt=\"\" class=\"wp-image-126768\" srcset=\"https:\/\/tvtecjundiai.com.br\/news\/wp-content\/uploads\/sites\/2\/2025\/04\/Fachada-Unidade-4-FMJ-7-scaled-1-1200x675.jpg 1200w, https:\/\/tvtecjundiai.com.br\/news\/wp-content\/uploads\/sites\/2\/2025\/04\/Fachada-Unidade-4-FMJ-7-scaled-1-300x169.jpg 300w, https:\/\/tvtecjundiai.com.br\/news\/wp-content\/uploads\/sites\/2\/2025\/04\/Fachada-Unidade-4-FMJ-7-scaled-1-768x432.jpg 768w, https:\/\/tvtecjundiai.com.br\/news\/wp-content\/uploads\/sites\/2\/2025\/04\/Fachada-Unidade-4-FMJ-7-scaled-1.jpg 1280w\" sizes=\"auto, (max-width: 1200px) 100vw, 1200px\" \/><figcaption class=\"wp-element-caption\">Foto: Divulga\u00e7\u00e3o\/FMJ<\/figcaption><\/figure>\n\n\n\n<p>\u201cA nota m\u00e1xima no ENADE \u00e9 o reflexo do compromisso da FMJ com a forma\u00e7\u00e3o de excel\u00eancia e da dedica\u00e7\u00e3o dos nossos alunos, professores e colaboradores\u201d, destaca o diretor da FMJ, Evaldo Marchi.<\/p>\n\n\n\n<p>O resultado foi comemorado por alunos e ex-alunos que participaram da avalia\u00e7\u00e3o. Arthur Torres, que realizou a prova em 2023 e hoje atua como m\u00e9dico, acredita que a estrutura oferecida pela faculdade fez toda a diferen\u00e7a:<\/p>\n\n\n\n<p>\u201cA prepara\u00e7\u00e3o, a viv\u00eancia te\u00f3rico-pr\u00e1tica que a FMJ nos d\u00e1 permite que tenhamos a capacidade para realizar a prova. O resultado, sem d\u00favidas, nos deixa felizes, porque reflete, de certa forma, a qualidade no processo de forma\u00e7\u00e3o dos m\u00e9dicos. Isso \u00e9 positivo para quem vai entrar, para quem est\u00e1 estudando e tamb\u00e9m para os formados, que carregam o nome da FMJ ao longo de toda a carreira\u201d, afirma o ex-aluno.<\/p>\n\n\n\n<p>Aplicado a cada tr\u00eas anos para o curso de Medicina, o ENADE \u00e9 voltado para estudantes do \u00faltimo ano da gradua\u00e7\u00e3o. A nota obtida impacta diretamente na avalia\u00e7\u00e3o institucional e pode abrir portas para mais reconhecimento, apoio e investimentos.<\/p>\n\n\n\n<p>Arthur tamb\u00e9m aponta o diferencial da rotina acad\u00eamica oferecida pela FMJ: \u201cAcredito que a carga pr\u00e1tica e a viv\u00eancia que o internato fornece s\u00e3o um diferencial para os alunos da FMJ\u201d, refor\u00e7a.<\/p>\n\n\n\n<p>Al\u00e9m de ser um reconhecimento do trabalho da institui\u00e7\u00e3o, uma boa avalia\u00e7\u00e3o no ENADE valoriza o diploma dos estudantes e fortalece o nome da FMJ nos processos seletivos de resid\u00eancia m\u00e9dica e na trajet\u00f3ria profissional de seus egressos.<\/p>\n\n\n\n<p>\u201cEssa conquista refor\u00e7a o papel da FMJ como refer\u00eancia no ensino m\u00e9dico e nos enche de orgulho por saber que estamos no caminho certo\u201d, finaliza o diretor Evaldo Marchi.<\/p>\n\n\n\n<p>Fonte: FMJ \u2013 Faculdade de Medicina de Jundia\u00ed<\/p>\n\n\n\n<p><\/p>\n","protected":false},"excerpt":{"rendered":"<p>Apenas 45 conquistaram nota m\u00e1xima no ENADE \u2014 e a FMJ \u00e9 uma delas.<\/p>\n","protected":false},"author":24,"featured_media":126769,"comment_status":"open","ping_status":"0","sticky":false,"template":"","format":"standard","meta":{"footnotes":""},"categories":[29,2828,8356,1,2839],"tags":[],"class_list":["post-126767","post","type-post","status-publish","format-standard","has-post-thumbnail","hentry","category-destaque","category-educacao","category-jundiai","category-noticias","category-saude"],"_links":{"self":[{"href":"https:\/\/tvtecjundiai.com.br\/news\/wp-json\/wp\/v2\/posts\/126767","targetHints":{"allow":["GET"]}}],"collection":[{"href":"https:\/\/tvtecjundiai.com.br\/news\/wp-json\/wp\/v2\/posts"}],"about":[{"href":"https:\/\/tvtecjundiai.com.br\/news\/wp-json\/wp\/v2\/types\/post"}],"author":[{"embeddable":true,"href":"https:\/\/tvtecjundiai.com.br\/news\/wp-json\/wp\/v2\/users\/24"}],"replies":[{"embeddable":true,"href":"https:\/\/tvtecjundiai.com.br\/news\/wp-json\/wp\/v2\/comments?post=126767"}],"version-history":[{"count":4,"href":"https:\/\/tvtecjundiai.com.br\/news\/wp-json\/wp\/v2\/posts\/126767\/revisions"}],"predecessor-version":[{"id":126774,"href":"https:\/\/tvtecjundiai.com.br\/news\/wp-json\/wp\/v2\/posts\/126767\/revisions\/126774"}],"wp:featuredmedia":[{"embeddable":true,"href":"https:\/\/tvtecjundiai.com.br\/news\/wp-json\/wp\/v2\/media\/126769"}],"wp:attachment":[{"href":"https:\/\/tvtecjundiai.com.br\/news\/wp-json\/wp\/v2\/media?parent=126767"}],"wp:term":[{"taxonomy":"category","embeddable":true,"href":"https:\/\/tvtecjundiai.com.br\/news\/wp-json\/wp\/v2\/categories?post=126767"},{"taxonomy":"post_tag","embeddable":true,"href":"https:\/\/tvtecjundiai.com.br\/news\/wp-json\/wp\/v2\/tags?post=126767"}],"curies":[{"name":"wp","href":"https:\/\/api.w.org\/{rel}","templated":true}]}}