{"id":12679,"date":"2018-06-25T09:27:59","date_gmt":"2018-06-25T12:27:59","guid":{"rendered":"https:\/\/tvtecjundiai.com.br\/news\/?p=12679"},"modified":"2018-06-25T09:27:59","modified_gmt":"2018-06-25T12:27:59","slug":"pat-divulga-vagas-disponiveis-em-jundiai-e-regiao-25-4","status":"publish","type":"post","link":"https:\/\/tvtecjundiai.com.br\/news\/2018\/06\/25\/pat-divulga-vagas-disponiveis-em-jundiai-e-regiao-25-4\/","title":{"rendered":"PAT divulga vagas dispon\u00edveis em Jundia\u00ed e regi\u00e3o (25)"},"content":{"rendered":"<p><strong>Confira as vagas dispon\u00edveis<\/strong><\/p>\n<ul>\n<li><strong>Auxiliar de Enfermagem<\/strong>\u00a0(liberado em 21\/06\/2018) \u2013 6 meses de experi\u00eancia n\u00e3o em CTPS; ensino m\u00e9dio completo; com curso conclu\u00eddo; Coren Ativo; atendimento Home Care.<\/li>\n<li><strong>Cozinheiro Industrial<\/strong>\u00a0(liberado em 22\/06\/2018) \u2013 6 meses de experi\u00eancia em CTPS; ensino fundamental completo; somente candidatos de Jundia\u00ed<\/li>\n<li><strong>Enfermeiro<\/strong>\u00a0(liberado em 20\/06\/2018) \u2013 6 meses de experiencia n\u00e3o em CTPS; ensino superior completo em enfermagem; necess\u00e1rio ter Coren Ativo; atendimento Home Care.<\/li>\n<li><strong>Fonoaudi\u00f3logo Geral<\/strong>\u00a0(liberado em 20\/06\/2018) \u2013 6 meses de experi\u00eancia n\u00e3o em CTPS; ensino superior completo fonoaudiologia; atendimento Home Care.<\/li>\n<li><strong>Mec\u00e2nico de Autom\u00f3veis<\/strong>\u00a0(liberado em 22\/06\/2018) \u2013 6 meses de experi\u00eancia em CTPS; ensino m\u00e9dio completo; necess\u00e1rio CNH &#8220;D&#8221;; curso de mec\u00e2nica senai; somente candidatos de Jundia\u00ed e V\u00e1rzea Paulista.<\/li>\n<li><strong>Motorista de Caminh\u00e3o<\/strong>\u00a0(liberado em 22\/06\/2018) \u2013 6 meses de experi\u00eancia em CTPS; ensino m\u00e9dio incompleto; CNH &#8220;D&#8221;; somente candidatos de Jundia\u00ed, V\u00e1rzea Paulista e Campo Limpo Paulista.<\/li>\n<li><strong>Professor de Ingl\u00eas<\/strong>\u00a0(liberado em 22\/06\/2018) \u2013 6 meses de experi\u00eancia n\u00e3o em CTPS; ensino superior completo; curso letras; candidatos de Jundia\u00ed; Vinhedo, Valinhos e Louveira.<\/li>\n<li><strong>T\u00e9cnico de Enfermagem<\/strong>\u00a0(liberado em 21\/06\/2018) \u2013 6 meses de experi\u00eancia, n\u00e3o em CTPS, ensino m\u00e9dio completo; necess\u00e1rio ter Coren Ativo; obrigat\u00f3rio ter curso na \u00e1rea.<\/li>\n<li><strong>T\u00e9cnico de Seguran\u00e7a do Trabalho<\/strong>\u00a0(liberado em 22\/06\/2018) \u2013 6 meses de experi\u00eancia em CTPS; ensino m\u00e9dio completo; curso t\u00e9cnico completo; necess\u00e1rio inform\u00e1tica n\u00edvel intermedi\u00e1rio; somente candidatos de Jundia\u00ed e V\u00e1rzea Paulista.<\/li>\n<li><strong>Vaga exclusiva PCD (Pessoas com Defici\u00eancia)<\/strong>\u00a0(liberado em 20\/06\/2018) \u2013 Auxiliar de Log\u00edstica &#8211; 6 meses de experi\u00eancia em CTPS; ensino fundamental completo; necess\u00e1rio laudo m\u00e9dico; somente candidatos de Jundia\u00ed.<\/li>\n<li><strong>Vaga exclusiva PCD (Pessoas com Defici\u00eancia)<\/strong>\u00a0(liberado em 20\/06\/2018) \u2013 Auxiliar Administrativo &#8211; 6 meses de experi\u00eancia n\u00e3o em CTPS; ensino m\u00e9dio completo; laudo m\u00e9dico; somente candidatos de Jundia\u00ed, V\u00e1rzea Paulista e Campo Limpo Paulista.<\/li>\n<li><strong>Vaga exclusiva PCD (Pessoas com Defici\u00eancia)<\/strong>\u00a0(liberado em 20\/06\/2018) \u2013 T\u00e9cnico em Manuten\u00e7\u00e3o de Equipamentos de Informatica &#8211; 6 meses de experi\u00eancia n\u00e3o em CTPS; ensino m\u00e9dio completo; laudo m\u00e9dico; somente candidatos de Jundia\u00ed, V\u00e1rzea Paulista e Campo Limpo Paulista.<\/li>\n<\/ul>\n<p>Os interessados devem comparecer \u00e0 rua Zacarias de Goes, 530 \u2013 Centro. O atendimento do PAT Jundia\u00ed \u00e9 feito de segunda a sexta-feira, das 8 \u00e0s 16h30 horas. \u00c9 necess\u00e1rio levar RG, CPF, carteira de trabalho, PIS ou cart\u00e3o do cidad\u00e3o.<\/p>\n<p>\u00daltima atualiza\u00e7\u00e3o em\u00a025\/06\/2018 09:18<\/p>\n","protected":false},"excerpt":{"rendered":"<p>Pode haver altera\u00e7\u00e3o no quadro de disponibilidade durante a semana<\/p>\n","protected":false},"author":10,"featured_media":10772,"comment_status":"closed","ping_status":"closed","sticky":false,"template":"","format":"standard","meta":{"footnotes":""},"categories":[2834,29,2829],"tags":[286,37,5,39,38,15],"class_list":["post-12679","post","type-post","status-publish","format-standard","has-post-thumbnail","hentry","category-cidades","category-destaque","category-economia","tag-carteira-de-trabalho","tag-emprego","tag-jundiai","tag-pat","tag-posto-de-atendimento-ao-trabalhador","tag-tvtec"],"_links":{"self":[{"href":"https:\/\/tvtecjundiai.com.br\/news\/wp-json\/wp\/v2\/posts\/12679","targetHints":{"allow":["GET"]}}],"collection":[{"href":"https:\/\/tvtecjundiai.com.br\/news\/wp-json\/wp\/v2\/posts"}],"about":[{"href":"https:\/\/tvtecjundiai.com.br\/news\/wp-json\/wp\/v2\/types\/post"}],"author":[{"embeddable":true,"href":"https:\/\/tvtecjundiai.com.br\/news\/wp-json\/wp\/v2\/users\/10"}],"replies":[{"embeddable":true,"href":"https:\/\/tvtecjundiai.com.br\/news\/wp-json\/wp\/v2\/comments?post=12679"}],"version-history":[{"count":1,"href":"https:\/\/tvtecjundiai.com.br\/news\/wp-json\/wp\/v2\/posts\/12679\/revisions"}],"predecessor-version":[{"id":12680,"href":"https:\/\/tvtecjundiai.com.br\/news\/wp-json\/wp\/v2\/posts\/12679\/revisions\/12680"}],"wp:featuredmedia":[{"embeddable":true,"href":"https:\/\/tvtecjundiai.com.br\/news\/wp-json\/wp\/v2\/media\/10772"}],"wp:attachment":[{"href":"https:\/\/tvtecjundiai.com.br\/news\/wp-json\/wp\/v2\/media?parent=12679"}],"wp:term":[{"taxonomy":"category","embeddable":true,"href":"https:\/\/tvtecjundiai.com.br\/news\/wp-json\/wp\/v2\/categories?post=12679"},{"taxonomy":"post_tag","embeddable":true,"href":"https:\/\/tvtecjundiai.com.br\/news\/wp-json\/wp\/v2\/tags?post=12679"}],"curies":[{"name":"wp","href":"https:\/\/api.w.org\/{rel}","templated":true}]}}