{"id":126809,"date":"2025-04-16T09:49:38","date_gmt":"2025-04-16T12:49:38","guid":{"rendered":"https:\/\/tvtecjundiai.com.br\/news\/?p=126809"},"modified":"2025-04-16T09:52:22","modified_gmt":"2025-04-16T12:52:22","slug":"reinauguracao-do-parque-municipal-do-corrupira-1a-fase","status":"publish","type":"post","link":"https:\/\/tvtecjundiai.com.br\/news\/2025\/04\/16\/reinauguracao-do-parque-municipal-do-corrupira-1a-fase\/","title":{"rendered":"Reinaugura\u00e7\u00e3o do Parque Municipal do Corrupira \u2013 1\u00aa Fase"},"content":{"rendered":"\n<p>A Prefeitura de Jundia\u00ed promove, no dia 1\u00ba de Maio, em comemora\u00e7\u00e3o ao Dia do Trabalhador, a reinaugura\u00e7\u00e3o da primeira fase do Parque Municipal do Corrupira. Tradicional na cidade, o espa\u00e7o foi revitalizado e ser\u00e1 reaberto como um ambiente voltado ao lazer, \u00e0 cultura, ao esporte e ao contato com a natureza.<\/p>\n\n\n\n<figure class=\"wp-block-image size-large\"><img loading=\"lazy\" decoding=\"async\" width=\"1200\" height=\"801\" src=\"https:\/\/tvtecjundiai.com.br\/news\/wp-content\/uploads\/sites\/2\/2025\/04\/reta_final_parque_corrupira_v-12-1280x854-1-1200x801.jpg\" alt=\"\" class=\"wp-image-126816\" srcset=\"https:\/\/tvtecjundiai.com.br\/news\/wp-content\/uploads\/sites\/2\/2025\/04\/reta_final_parque_corrupira_v-12-1280x854-1-1200x801.jpg 1200w, https:\/\/tvtecjundiai.com.br\/news\/wp-content\/uploads\/sites\/2\/2025\/04\/reta_final_parque_corrupira_v-12-1280x854-1-300x200.jpg 300w, https:\/\/tvtecjundiai.com.br\/news\/wp-content\/uploads\/sites\/2\/2025\/04\/reta_final_parque_corrupira_v-12-1280x854-1-768x512.jpg 768w, https:\/\/tvtecjundiai.com.br\/news\/wp-content\/uploads\/sites\/2\/2025\/04\/reta_final_parque_corrupira_v-12-1280x854-1.jpg 1280w\" sizes=\"auto, (max-width: 1200px) 100vw, 1200px\" \/><figcaption class=\"wp-element-caption\">Reforma do Parque do Corrupira<\/figcaption><\/figure>\n\n\n\n<p>A programa\u00e7\u00e3o especial contar\u00e1 com atividades festivas, promovendo o bem-estar e a qualidade de vida da popula\u00e7\u00e3o. A iniciativa tamb\u00e9m busca resgatar a mem\u00f3ria afetiva do local, refor\u00e7ando sua import\u00e2ncia na hist\u00f3ria dos jundiaienses.<\/p>\n\n\n\n<p>Al\u00e9m das atra\u00e7\u00f5es culturais e musicais, o p\u00fablico poder\u00e1 prestigiar o Galp\u00e3o Criativo, com \u00e1rea coberta e 18 mesas expositivas, e o<strong> <\/strong>Jundia\u00ed Feito \u00e0 M\u00e3o, com barraca pr\u00f3pria e a participa\u00e7\u00e3o de 30 artes\u00e3os locais.<\/p>\n\n\n\n<p><strong>Programa\u00e7\u00e3o Sugerida:<\/strong><\/p>\n\n\n\n<ul class=\"wp-block-list\">\n<li><strong>10h<\/strong> \u2013 Abertura dos Port\u00f5es<\/li>\n\n\n\n<li><strong>10h \u00e0s 11h<\/strong> \u2013 DJ Adlei<\/li>\n\n\n\n<li><strong>11h \u00e0s 12h<\/strong> \u2013 Abertura Oficial<\/li>\n\n\n\n<li><strong>12h \u00e0s 13h20<\/strong> \u2013 Show com Panela Preta (Samba)<\/li>\n\n\n\n<li><strong>13h30 \u00e0s 14h30<\/strong> \u2013 Interven\u00e7\u00e3o Art\u00edstica Infantil<\/li>\n\n\n\n<li><strong>14h30 \u00e0s 16h<\/strong> \u2013 Show com Carla Mantovani (Sertanejo)<\/li>\n\n\n\n<li><strong>16h \u00e0s 17h<\/strong> \u2013 Interven\u00e7\u00e3o Art\u00edstica<\/li>\n\n\n\n<li><strong>17h<\/strong> \u2013 Fechamento dos Port\u00f5es e Encerramento do Evento<\/li>\n<\/ul>\n\n\n\n<p>A cobertura completa do evento ser\u00e1 realizada pela <strong>TVTEC Jundia\u00ed<\/strong>.<\/p>\n\n\n\n<p><strong>Endere\u00e7o:\u00a0<\/strong>Av. N\u00edcola Accieri, 1900 \u2013 Corrupira, Jundia\u00ed<\/p>\n\n\n\n<p>Foto: Prefeitura de Jundia\u00ed <\/p>\n","protected":false},"excerpt":{"rendered":"<p>Prefeitura promove, no dia 1\u00ba de Maio, em comemora\u00e7\u00e3o ao Dia do Trabalhador<\/p>\n","protected":false},"author":24,"featured_media":126820,"comment_status":"open","ping_status":"0","sticky":false,"template":"","format":"standard","meta":{"footnotes":""},"categories":[29,8429,8408,8391,8356,1],"tags":[],"class_list":["post-126809","post","type-post","status-publish","format-standard","has-post-thumbnail","hentry","category-destaque","category-eventos","category-galpao-criativo","category-infraestrutura","category-jundiai","category-noticias"],"_links":{"self":[{"href":"https:\/\/tvtecjundiai.com.br\/news\/wp-json\/wp\/v2\/posts\/126809","targetHints":{"allow":["GET"]}}],"collection":[{"href":"https:\/\/tvtecjundiai.com.br\/news\/wp-json\/wp\/v2\/posts"}],"about":[{"href":"https:\/\/tvtecjundiai.com.br\/news\/wp-json\/wp\/v2\/types\/post"}],"author":[{"embeddable":true,"href":"https:\/\/tvtecjundiai.com.br\/news\/wp-json\/wp\/v2\/users\/24"}],"replies":[{"embeddable":true,"href":"https:\/\/tvtecjundiai.com.br\/news\/wp-json\/wp\/v2\/comments?post=126809"}],"version-history":[{"count":2,"href":"https:\/\/tvtecjundiai.com.br\/news\/wp-json\/wp\/v2\/posts\/126809\/revisions"}],"predecessor-version":[{"id":126819,"href":"https:\/\/tvtecjundiai.com.br\/news\/wp-json\/wp\/v2\/posts\/126809\/revisions\/126819"}],"wp:featuredmedia":[{"embeddable":true,"href":"https:\/\/tvtecjundiai.com.br\/news\/wp-json\/wp\/v2\/media\/126820"}],"wp:attachment":[{"href":"https:\/\/tvtecjundiai.com.br\/news\/wp-json\/wp\/v2\/media?parent=126809"}],"wp:term":[{"taxonomy":"category","embeddable":true,"href":"https:\/\/tvtecjundiai.com.br\/news\/wp-json\/wp\/v2\/categories?post=126809"},{"taxonomy":"post_tag","embeddable":true,"href":"https:\/\/tvtecjundiai.com.br\/news\/wp-json\/wp\/v2\/tags?post=126809"}],"curies":[{"name":"wp","href":"https:\/\/api.w.org\/{rel}","templated":true}]}}