{"id":12686,"date":"2018-06-25T09:42:40","date_gmt":"2018-06-25T12:42:40","guid":{"rendered":"https:\/\/tvtecjundiai.com.br\/news\/?p=12686"},"modified":"2018-06-25T10:08:34","modified_gmt":"2018-06-25T13:08:34","slug":"novo-predio-do-centro-de-valorizacao-da-vida-e-inaugurado-em-jundiai","status":"publish","type":"post","link":"https:\/\/tvtecjundiai.com.br\/news\/2018\/06\/25\/novo-predio-do-centro-de-valorizacao-da-vida-e-inaugurado-em-jundiai\/","title":{"rendered":"CVV Jundia\u00ed come\u00e7a a atender em nova sede"},"content":{"rendered":"<div id=\"attachment_12688\" style=\"width: 460px\" class=\"wp-caption alignright\"><a href=\"https:\/\/tvtecjundiai.com.br\/news\/wp-content\/uploads\/sites\/2\/2018\/06\/whatsapp-image-2018-06-23-at-2-07-10-pm.jpeg\"><img loading=\"lazy\" decoding=\"async\" aria-describedby=\"caption-attachment-12688\" class=\"wp-image-12688\" src=\"https:\/\/tvtecjundiai.com.br\/news\/wp-content\/uploads\/sites\/2\/2018\/06\/whatsapp-image-2018-06-23-at-2-07-10-pm-300x200.jpeg\" alt=\"\" width=\"450\" height=\"300\" srcset=\"https:\/\/tvtecjundiai.com.br\/news\/wp-content\/uploads\/sites\/2\/2018\/06\/whatsapp-image-2018-06-23-at-2-07-10-pm-300x200.jpeg 300w, https:\/\/tvtecjundiai.com.br\/news\/wp-content\/uploads\/sites\/2\/2018\/06\/whatsapp-image-2018-06-23-at-2-07-10-pm-768x512.jpeg 768w, https:\/\/tvtecjundiai.com.br\/news\/wp-content\/uploads\/sites\/2\/2018\/06\/whatsapp-image-2018-06-23-at-2-07-10-pm-1200x800.jpeg 1200w, https:\/\/tvtecjundiai.com.br\/news\/wp-content\/uploads\/sites\/2\/2018\/06\/whatsapp-image-2018-06-23-at-2-07-10-pm.jpeg 1280w\" sizes=\"auto, (max-width: 450px) 100vw, 450px\" \/><\/a><p id=\"caption-attachment-12688\" class=\"wp-caption-text\">O munic\u00edpio de Jundia\u00ed passou a olhar com maior aten\u00e7\u00e3o para a quest\u00e3o da depress\u00e3o e do suic\u00eddio<\/p><\/div>\n<p>O\u00a0Centro de Valoriza\u00e7\u00e3o da Vida (CVV) de Jundia\u00ed passou a atender em novo endere\u00e7o a partir deste s\u00e1bado (23), ap\u00f3s sua inaugura\u00e7\u00e3o.\u00a0Instalado at\u00e9 h\u00e1 pouco tempo num espa\u00e7o pequeno dentro do Complexo Fepasa, o CVV agora est\u00e1 numa casa disponibilizada pela Prefeitura de Jundia\u00ed. Qualquer pessoa que precisar de ajuda pode entrar em contato com o CVV gratuitamente no n\u00famero 188.<\/p>\n<p>\u201cHoje contamos com 28 volunt\u00e1rios, mas com a mudan\u00e7a para este espa\u00e7o, podemos ter mais condi\u00e7\u00f5es de trazer outras pessoas interessadas em colaborar com nossa causa\u201d, diz Maria Bernadete Amaral Carneiro, coordenadora da institui\u00e7\u00e3o. \u201cGra\u00e7as a um conv\u00eanio com o Minist\u00e9rio das Cidades, agora as chamadas feitas de Jundia\u00ed e regi\u00e3o para o CVV s\u00e3o feitas pelo n\u00famero 188. Hoje pode-se ligar gratuitamente de um orelh\u00e3o, de um celular, de um aparelho fixo que cair\u00e1 em algum ponto do Brasil, onde um volunt\u00e1rio do CVV vai atender e dar o suporte a quem precisa de ajuda\u201d, explicou.<\/p>\n<p>Para o prefeito Luiz Fernando Machado, a conquista \u00e9 merecida e extremamente v\u00e1lida, considerando que desde a \u00faltima Semana de Valoriza\u00e7\u00e3o da Vida, realizada em setembro do ano passado, o munic\u00edpio de Jundia\u00ed passou a olhar com uma aten\u00e7\u00e3o ainda maior a quest\u00e3o da depress\u00e3o e do suic\u00eddio, elementos abordados na maioria dos atendimentos realizados pelos volunt\u00e1rios.<\/p>\n<p>\u201c\u00c9 de extrema import\u00e2ncia que a gente discuta o suic\u00eddio de forma transparente e n\u00e3o o trate apenas como um tabu\u201d, destacou o prefeito. \u201cNo ano passado, j\u00e1 acrescentamos este assunto no calend\u00e1rio do munic\u00edpio com aquele encontro marcante que lotou o Polytheama. Isso demonstrou que a cidade quer discutir o assunto\u201d, destacou.<\/p>\n<p>Com o plantio de uma muda de ip\u00ea amarelo \u2013 chamado de \u201ca \u00e1rvore da vida\u201d \u2013 a cerim\u00f4nia de inaugura\u00e7\u00e3o do novo espa\u00e7o reuniu autoridades, volunt\u00e1rios e amigos da causa. Dentre os volunt\u00e1rios estavam a escritora J\u00falia Heimann, que fez parte da segunda turma do CVV em Jundia\u00ed e retornou h\u00e1 8 anos. \u201cMe sinto muito bem ajudando quem precisa. Comecei em 1979, parei meu voluntariado durante alguns anos e, depois que passei pela experi\u00eancia de ter um amigo suicida, voltei a me dedicar ao CVV\u201d, lembrou.<\/p>\n<p>Maria Bernadete aproveitou a ocasi\u00e3o para convidar pessoas interessadas em atuar como volunt\u00e1rio do Centro. \u201cTemos nossos cursos de capacita\u00e7\u00e3o escutat\u00f3ria, que auxiliam bastante tamb\u00e9m a que tenhamos um olhar diferenciado pelo pr\u00f3ximo, para que saibamos como ouvir os problemas dos outros. O exerc\u00edcio da escuta \u00e9 essencial para quem quer contribuir como volunt\u00e1rio, mas tamb\u00e9m nos auxilia em nossas pr\u00f3prias vidas\u201d. Quem tiver interesse, pode entrar em contato com o CVV pelo n\u00famero (11) 4521-4141 ou visitar a nova sede, que fica na Rua Monteiro Lobato, 199, Vila Argos.<\/p>\n<p><em>(Fonte: Prefeitura de Jundia\u00ed)<\/em><\/p>\n","protected":false},"excerpt":{"rendered":"<p>A Casa Amarela funciona na Rua Monteiro Lobato, na Vila Argos Nova<\/p>\n","protected":false},"author":10,"featured_media":12688,"comment_status":"closed","ping_status":"closed","sticky":false,"template":"","format":"standard","meta":{"footnotes":""},"categories":[2834,1,2839],"tags":[636,700,5,15],"class_list":["post-12686","post","type-post","status-publish","format-standard","has-post-thumbnail","hentry","category-cidades","category-noticias","category-saude","tag-centro-de-valorizacao-da-vida","tag-cvv","tag-jundiai","tag-tvtec"],"_links":{"self":[{"href":"https:\/\/tvtecjundiai.com.br\/news\/wp-json\/wp\/v2\/posts\/12686","targetHints":{"allow":["GET"]}}],"collection":[{"href":"https:\/\/tvtecjundiai.com.br\/news\/wp-json\/wp\/v2\/posts"}],"about":[{"href":"https:\/\/tvtecjundiai.com.br\/news\/wp-json\/wp\/v2\/types\/post"}],"author":[{"embeddable":true,"href":"https:\/\/tvtecjundiai.com.br\/news\/wp-json\/wp\/v2\/users\/10"}],"replies":[{"embeddable":true,"href":"https:\/\/tvtecjundiai.com.br\/news\/wp-json\/wp\/v2\/comments?post=12686"}],"version-history":[{"count":6,"href":"https:\/\/tvtecjundiai.com.br\/news\/wp-json\/wp\/v2\/posts\/12686\/revisions"}],"predecessor-version":[{"id":12705,"href":"https:\/\/tvtecjundiai.com.br\/news\/wp-json\/wp\/v2\/posts\/12686\/revisions\/12705"}],"wp:featuredmedia":[{"embeddable":true,"href":"https:\/\/tvtecjundiai.com.br\/news\/wp-json\/wp\/v2\/media\/12688"}],"wp:attachment":[{"href":"https:\/\/tvtecjundiai.com.br\/news\/wp-json\/wp\/v2\/media?parent=12686"}],"wp:term":[{"taxonomy":"category","embeddable":true,"href":"https:\/\/tvtecjundiai.com.br\/news\/wp-json\/wp\/v2\/categories?post=12686"},{"taxonomy":"post_tag","embeddable":true,"href":"https:\/\/tvtecjundiai.com.br\/news\/wp-json\/wp\/v2\/tags?post=12686"}],"curies":[{"name":"wp","href":"https:\/\/api.w.org\/{rel}","templated":true}]}}