{"id":127000,"date":"2025-04-24T11:15:05","date_gmt":"2025-04-24T14:15:05","guid":{"rendered":"https:\/\/tvtecjundiai.com.br\/news\/?p=127000"},"modified":"2025-04-24T11:17:23","modified_gmt":"2025-04-24T14:17:23","slug":"prefeito-recebe-novo-presidente-da-autoban-e-discute-obras-e-manutencao-viaria","status":"publish","type":"post","link":"https:\/\/tvtecjundiai.com.br\/news\/2025\/04\/24\/prefeito-recebe-novo-presidente-da-autoban-e-discute-obras-e-manutencao-viaria\/","title":{"rendered":"Prefeito recebe novo presidente da Autoban"},"content":{"rendered":"\n<p>Em mais um passo importante rumo ao fortalecimento das parcerias institucionais, o prefeito de Jundia\u00ed, Gustavo Martinelli, e o vice-prefeito, Ricardo Benassi, receberam o novo presidente da Autoban, Rodrigo Monteiro, para uma reuni\u00e3o estrat\u00e9gica voltada ao alinhamento de a\u00e7\u00f5es conjuntas entre o poder p\u00fablico e a concession\u00e1ria respons\u00e1vel por importantes rodovias da regi\u00e3o.<\/p>\n\n\n\n<p>Durante o encontro, Rodrigo Monteiro apresentou-se oficialmente \u00e0s autoridades municipais e reafirmou o compromisso da Autoban com as demandas da cidade. \u201cNosso objetivo \u00e9 fortalecer a parceria com Jundia\u00ed, atendendo \u00e0s demandas de zeladoria e contribuindo para uma mobilidade mais eficiente na cidade\u201d, destacou.<\/p>\n\n\n\n<figure class=\"wp-block-image\"><a href=\"https:\/\/jundiai.sp.gov.br\/noticias\/wp-content\/uploads\/sites\/32\/2025\/04\/ccr_autoban-38-1280x854.jpg\"><img decoding=\"async\" src=\"https:\/\/jundiai.sp.gov.br\/noticias\/wp-content\/uploads\/sites\/32\/2025\/04\/ccr_autoban-38-1280x854.jpg\" alt=\"\" class=\"wp-image-356728\" \/><\/a><\/figure>\n\n\n\n<p>O prefeito Gustavo Martinelli valorizou a aproxima\u00e7\u00e3o com a nova lideran\u00e7a da concession\u00e1ria. \u201cEstamos sempre buscando fortalecer o di\u00e1logo com nossos parceiros para garantir melhorias na infraestrutura que atendam \u00e0s expectativas da nossa popula\u00e7\u00e3o. Essa visita \u00e9 um passo importante nesse sentido.\u201d<\/p>\n\n\n\n<p>Um dos principais temas abordados foi a zeladoria nas al\u00e7as de acesso \u00e0s rodovias. Monteiro explicou que a empresa est\u00e1 em fase de transi\u00e7\u00e3o de contratos com empresas parceiras, o que tem causado atrasos pontuais. \u201cEstamos cientes dessas quest\u00f5es e trabalhando para resolver rapidamente essas pend\u00eancias\u201d, garantiu.<\/p>\n\n\n\n<p>Outro ponto importante discutido foram as obras de transposi\u00e7\u00e3o da Via Anhanguera, que devem ser detalhadas em uma pr\u00f3xima visita agendada para o in\u00edcio do pr\u00f3ximo m\u00eas. Na ocasi\u00e3o, ser\u00e3o definidas a\u00e7\u00f5es concretas para acelerar o andamento dessas interven\u00e7\u00f5es essenciais \u00e0 mobilidade urbana.<\/p>\n\n\n\n<p>O vice-prefeito Ricardo Benassi tamb\u00e9m ressaltou a import\u00e2ncia do encontro. \u201cNosso objetivo \u00e9 criar uma parceria s\u00f3lida, onde a comunica\u00e7\u00e3o seja transparente e as a\u00e7\u00f5es r\u00e1pidas, sempre pensando no melhor para a nossa popula\u00e7\u00e3o.\u201d<\/p>\n\n\n\n<figure class=\"wp-block-image\"><a href=\"https:\/\/jundiai.sp.gov.br\/noticias\/wp-content\/uploads\/sites\/32\/2025\/04\/ccr_autoban-3-1280x854.jpg\"><img decoding=\"async\" src=\"https:\/\/jundiai.sp.gov.br\/noticias\/wp-content\/uploads\/sites\/32\/2025\/04\/ccr_autoban-3-1280x854.jpg\" alt=\"\" class=\"wp-image-356729\" \/><\/a><\/figure>\n\n\n\n<p>Tamb\u00e9m participaram da reuni\u00e3o os gestores municipais Ant\u00f4nio Carlos Sacramone (Mobilidade e Transportes), Marcos Galdino (Infraestrutura e Servi\u00e7os P\u00fablicos), Andr\u00e9 Ferrazzo (Planejamento Urbano e Meio Ambiente), os diretores Andr\u00e9 Bedin (Projetos Urbanos) e Daniel Montanher (T\u00e9cnico em Mobilidade Urbana), al\u00e9m de Cl\u00e1udia Mantero, respons\u00e1vel pelas Rela\u00e7\u00f5es Institucionais e Governamentais da Autoban. A presen\u00e7a de todos refor\u00e7a o empenho conjunto em buscar solu\u00e7\u00f5es integradas e eficientes para os desafios urbanos da cidade.<\/p>\n\n\n\n<p>Esse encontro representa mais um passo no caminho da coopera\u00e7\u00e3o entre Jundia\u00ed e a Autoban, com o foco em garantir que as a\u00e7\u00f5es de infraestrutura e manuten\u00e7\u00e3o atendam de forma \u00e1gil e eficaz \u00e0s necessidades da popula\u00e7\u00e3o.<\/p>\n\n\n\n<p><strong>Fonte: Prefeitura de Jundia\u00ed<br>Fotos: Arquivo PMJ<\/strong><\/p>\n","protected":false},"excerpt":{"rendered":"<p>Reuni\u00e3o alinhou a\u00e7\u00f5es conjuntas entre o poder p\u00fablico e a concession\u00e1ria.<\/p>\n","protected":false},"author":24,"featured_media":127001,"comment_status":"closed","ping_status":"0","sticky":false,"template":"","format":"standard","meta":{"footnotes":""},"categories":[29,8356,5697],"tags":[],"class_list":["post-127000","post","type-post","status-publish","format-standard","has-post-thumbnail","hentry","category-destaque","category-jundiai","category-mobilidade-noticias"],"_links":{"self":[{"href":"https:\/\/tvtecjundiai.com.br\/news\/wp-json\/wp\/v2\/posts\/127000","targetHints":{"allow":["GET"]}}],"collection":[{"href":"https:\/\/tvtecjundiai.com.br\/news\/wp-json\/wp\/v2\/posts"}],"about":[{"href":"https:\/\/tvtecjundiai.com.br\/news\/wp-json\/wp\/v2\/types\/post"}],"author":[{"embeddable":true,"href":"https:\/\/tvtecjundiai.com.br\/news\/wp-json\/wp\/v2\/users\/24"}],"replies":[{"embeddable":true,"href":"https:\/\/tvtecjundiai.com.br\/news\/wp-json\/wp\/v2\/comments?post=127000"}],"version-history":[{"count":3,"href":"https:\/\/tvtecjundiai.com.br\/news\/wp-json\/wp\/v2\/posts\/127000\/revisions"}],"predecessor-version":[{"id":127004,"href":"https:\/\/tvtecjundiai.com.br\/news\/wp-json\/wp\/v2\/posts\/127000\/revisions\/127004"}],"wp:featuredmedia":[{"embeddable":true,"href":"https:\/\/tvtecjundiai.com.br\/news\/wp-json\/wp\/v2\/media\/127001"}],"wp:attachment":[{"href":"https:\/\/tvtecjundiai.com.br\/news\/wp-json\/wp\/v2\/media?parent=127000"}],"wp:term":[{"taxonomy":"category","embeddable":true,"href":"https:\/\/tvtecjundiai.com.br\/news\/wp-json\/wp\/v2\/categories?post=127000"},{"taxonomy":"post_tag","embeddable":true,"href":"https:\/\/tvtecjundiai.com.br\/news\/wp-json\/wp\/v2\/tags?post=127000"}],"curies":[{"name":"wp","href":"https:\/\/api.w.org\/{rel}","templated":true}]}}