{"id":127007,"date":"2025-04-24T13:45:49","date_gmt":"2025-04-24T16:45:49","guid":{"rendered":"https:\/\/tvtecjundiai.com.br\/news\/?p=127007"},"modified":"2025-04-25T09:44:59","modified_gmt":"2025-04-25T12:44:59","slug":"companhia-de-danca-cia-jovem-abre-a-programacao-de-espetaculos-gratuitos-no-teatro-polytheama","status":"publish","type":"post","link":"https:\/\/tvtecjundiai.com.br\/news\/2025\/04\/24\/companhia-de-danca-cia-jovem-abre-a-programacao-de-espetaculos-gratuitos-no-teatro-polytheama\/","title":{"rendered":"Companhia de Dan\u00e7a Cia. Jovem abre a programa\u00e7\u00e3o de espet\u00e1culos gratuitos no Teatro Polytheama"},"content":{"rendered":"\n<p>Na pr\u00f3xima sexta-feira (25), o Teatro Polytheama ser\u00e1 palco de dois espet\u00e1culos gratuitos da S\u00e3o Paulo Companhia de Dan\u00e7a (SPCD), com sess\u00f5es \u00e0s 15h e \u00e0s 20h. A abertura de ambas as apresenta\u00e7\u00f5es ficar\u00e1 por conta da Cia. Jovem de Dan\u00e7a, grupo art\u00edstico da Prefeitura de Jundia\u00ed vinculado \u00e0 Unidade de Gest\u00e3o de Cultura.<\/p>\n\n\n\n<p>O grupo apresentar\u00e1 a coreografia \u201cPAQUITA&#8221; (Passos Aleat\u00f3rios Que Um Impulso Te Apresenta), criada coletivamente durante a pandemia. Inspirada nas m\u00fasicas do bal\u00e9 cl\u00e1ssico <em>Paquita<\/em>, a obra prop\u00f5e uma releitura contempor\u00e2nea, guiada pelo impulso, espontaneidade e reinven\u00e7\u00e3o. O trabalho rendeu \u00e0 companhia uma indica\u00e7\u00e3o ao Pr\u00eamio APCA (Associa\u00e7\u00e3o Paulista de Cr\u00edticos de Artes), na categoria \u201cCria\u00e7\u00e3o\u201d. A dire\u00e7\u00e3o art\u00edstica da companhia jundiaiense \u00e9 assinada por Alex Soares.<\/p>\n\n\n\n<figure class=\"wp-block-image size-large\"><img loading=\"lazy\" decoding=\"async\" width=\"1200\" height=\"599\" src=\"https:\/\/tvtecjundiai.com.br\/news\/wp-content\/uploads\/sites\/2\/2025\/04\/WhatsApp-Image-2025-04-24-at-1.26.43-PM-1200x599.jpeg\" alt=\"\" class=\"wp-image-127013\" srcset=\"https:\/\/tvtecjundiai.com.br\/news\/wp-content\/uploads\/sites\/2\/2025\/04\/WhatsApp-Image-2025-04-24-at-1.26.43-PM-1200x599.jpeg 1200w, https:\/\/tvtecjundiai.com.br\/news\/wp-content\/uploads\/sites\/2\/2025\/04\/WhatsApp-Image-2025-04-24-at-1.26.43-PM-300x150.jpeg 300w, https:\/\/tvtecjundiai.com.br\/news\/wp-content\/uploads\/sites\/2\/2025\/04\/WhatsApp-Image-2025-04-24-at-1.26.43-PM-768x383.jpeg 768w, https:\/\/tvtecjundiai.com.br\/news\/wp-content\/uploads\/sites\/2\/2025\/04\/WhatsApp-Image-2025-04-24-at-1.26.43-PM.jpeg 1280w\" sizes=\"auto, (max-width: 1200px) 100vw, 1200px\" \/><figcaption class=\"wp-element-caption\">Ensaio do Cia. Jovem para a apresenta\u00e7\u00e3o desta sexta-feira (25) <\/figcaption><\/figure>\n\n\n\n<p>Sob dire\u00e7\u00e3o art\u00edstica de In\u00eas Bog\u00e9a, a S\u00e3o Paulo Companhia de Dan\u00e7a apresenta dois programas distintos, um em cada sess\u00e3o.<\/p>\n\n\n\n<p>Ap\u00f3s a abertura da tarde, a programa\u00e7\u00e3o segue com \u201cAlvorada\u201d, coreografia de Yoshi Suzuki que celebra recome\u00e7os e novas oportunidades. A obra evoca a leveza das manh\u00e3s, despertando corpo e alma para emo\u00e7\u00f5es sutis e intensas.<\/p>\n\n\n\n<p>Na sequ\u00eancia, ser\u00e1 apresentada \u201cA Morte do Cisne\u201d, cria\u00e7\u00e3o de Lars Van Cauwenbergh inspirada na obra de Michel Fokine. O encerramento da sess\u00e3o da tarde ser\u00e1 com \u201cCasa Flutuante\u201d, coreografia de Beatriz Hack que explora, por meio de movimentos individuais e em grupo, diferentes significados do conceito de \u201ccasa\u201d e suas constantes transforma\u00e7\u00f5es nas rela\u00e7\u00f5es humanas.<\/p>\n\n\n\n<p>\u00c0 noite, o programa traz outras coreografias, com a repeti\u00e7\u00e3o de \u201cAlvorada\u201d. A primeira da noite, ap\u00f3s a participa\u00e7\u00e3o da Cia. Jovem de Dan\u00e7a, ser\u00e1 \u201cdos SANTOS\u201d \u2014 estreia de Alex Soares na SPCD \u2014, que faz refer\u00eancia a um dos sobrenomes religiosos mais comuns, propondo uma reflex\u00e3o sobre as identidades que moldam a diversidade cultural brasileira. O encerramento fica por conta de \u201cAtaraxia\u201d, de George C\u00e9spedes. Inspirada no termo grego que significa aus\u00eancia de perturba\u00e7\u00e3o, a coreografia prop\u00f5e uma jornada entre controle e entrega em busca de um estado de serenidade e equil\u00edbrio diante das adversidades. A obra inclui efeitos estrobosc\u00f3picos, que podem afetar espectadores fotossens\u00edveis.<\/p>\n\n\n\n<p>Os ingressos gratuitos para ambas as sess\u00f5es poder\u00e3o ser retirados a partir das 10h30 da quinta-feira (24), nos totens eletr\u00f4nicos e bilheterias do Teatro Polytheama (Rua Bar\u00e3o de Jundia\u00ed, 176 \u2013 Centro) e do Centro das Artes Prefeito Pedro F\u00e1varo (Rua Bar\u00e3o de Jundia\u00ed, 1093 \u2013 Centro), al\u00e9m da plataforma Sympla. Cada pessoa poder\u00e1 retirar at\u00e9 dois ingressos. (Links para as apresenta\u00e7\u00f5es das 15h e das 20h).<\/p>\n\n\n\n<p>Foto: Unidade de Gest\u00e3o de Cultura de Jundia\u00ed \/ Texto: Vinicius Nascimento (Estagi\u00e1rio)<\/p>\n","protected":false},"excerpt":{"rendered":"<p>Na pr\u00f3xima sexta-feira (25), o Teatro Polytheama ser\u00e1 palco de dois espet\u00e1culos gratuitos da (SPCD).<\/p>\n","protected":false},"author":24,"featured_media":127014,"comment_status":"open","ping_status":"0","sticky":false,"template":"","format":"standard","meta":{"footnotes":""},"categories":[2833,3076,8429,8356,8354],"tags":[],"class_list":["post-127007","post","type-post","status-publish","format-standard","has-post-thumbnail","hentry","category-cultura","category-entretenimento","category-eventos","category-jundiai","category-lazer"],"_links":{"self":[{"href":"https:\/\/tvtecjundiai.com.br\/news\/wp-json\/wp\/v2\/posts\/127007","targetHints":{"allow":["GET"]}}],"collection":[{"href":"https:\/\/tvtecjundiai.com.br\/news\/wp-json\/wp\/v2\/posts"}],"about":[{"href":"https:\/\/tvtecjundiai.com.br\/news\/wp-json\/wp\/v2\/types\/post"}],"author":[{"embeddable":true,"href":"https:\/\/tvtecjundiai.com.br\/news\/wp-json\/wp\/v2\/users\/24"}],"replies":[{"embeddable":true,"href":"https:\/\/tvtecjundiai.com.br\/news\/wp-json\/wp\/v2\/comments?post=127007"}],"version-history":[{"count":3,"href":"https:\/\/tvtecjundiai.com.br\/news\/wp-json\/wp\/v2\/posts\/127007\/revisions"}],"predecessor-version":[{"id":127061,"href":"https:\/\/tvtecjundiai.com.br\/news\/wp-json\/wp\/v2\/posts\/127007\/revisions\/127061"}],"wp:featuredmedia":[{"embeddable":true,"href":"https:\/\/tvtecjundiai.com.br\/news\/wp-json\/wp\/v2\/media\/127014"}],"wp:attachment":[{"href":"https:\/\/tvtecjundiai.com.br\/news\/wp-json\/wp\/v2\/media?parent=127007"}],"wp:term":[{"taxonomy":"category","embeddable":true,"href":"https:\/\/tvtecjundiai.com.br\/news\/wp-json\/wp\/v2\/categories?post=127007"},{"taxonomy":"post_tag","embeddable":true,"href":"https:\/\/tvtecjundiai.com.br\/news\/wp-json\/wp\/v2\/tags?post=127007"}],"curies":[{"name":"wp","href":"https:\/\/api.w.org\/{rel}","templated":true}]}}