{"id":127143,"date":"2025-04-29T09:44:05","date_gmt":"2025-04-29T12:44:05","guid":{"rendered":"https:\/\/tvtecjundiai.com.br\/news\/?p=127143"},"modified":"2025-04-29T09:44:05","modified_gmt":"2025-04-29T12:44:05","slug":"jundiai-participa-de-curso-nacional-sobre-emergencias-climaticas","status":"publish","type":"post","link":"https:\/\/tvtecjundiai.com.br\/news\/2025\/04\/29\/jundiai-participa-de-curso-nacional-sobre-emergencias-climaticas\/","title":{"rendered":"Jundia\u00ed participa de curso nacional sobre emerg\u00eancias clim\u00e1ticas\u00a0"},"content":{"rendered":"\n<p>A Prefeitura de Jundia\u00ed sediou o in\u00edcio das atividades presenciais do curso \u201cUrg\u00eancias Clim\u00e1ticas \u2013 Implementando solu\u00e7\u00f5es em territ\u00f3rios urbanos vulner\u00e1veis\u201d, oferecido pelo Minist\u00e9rio das Cidades em parceria com o Instituto Lincoln e a WRI Brasil. Jundia\u00ed foi um dos dez munic\u00edpios brasileiros selecionados por meio de processo seletivo para integrar a iniciativa, que busca capacitar servidores p\u00fablicos na elabora\u00e7\u00e3o de estrat\u00e9gias de enfrentamento \u00e0s mudan\u00e7as clim\u00e1ticas em contextos urbanos.<\/p>\n\n\n\n<p>A forma\u00e7\u00e3o re\u00fane uma equipe multidisciplinar composta por 14 t\u00e9cnicos de diversas Unidades de Gest\u00e3o da cidade, como Planejamento Urbano e Meio Ambiente (UGPUMA) \u2013 representada pelos Departamento de Meio Ambiente, Urbanismo, Projetos Urbanos, DAE, FUMAS e Defesa Civil. A Engenheira Florestal Karina de Lima, da Unidade de Gest\u00e3o de Planejamento Urbano e Meio Ambiente (UGPUMA), explica que o curso tem duas etapas: uma primeira fase de aulas ass\u00edncronas, j\u00e1 conclu\u00edda, e agora a fase presencial com encontros s\u00edncronos. \u201cNesta nova etapa, todos os t\u00e9cnicos se re\u00fanem em um mesmo espa\u00e7o f\u00edsico, favorecendo a troca de experi\u00eancias entre os munic\u00edpios participantes\u201d, destaca.<\/p>\n\n\n\n<p>Para o diretor de Meio Ambiente da UGPUMA, Guilherme Lima, a forma\u00e7\u00e3o \u00e9 estrat\u00e9gica diante dos impactos cada vez mais frequentes das mudan\u00e7as clim\u00e1ticas nas cidades. \u201c\u00c9 fundamental que diferentes Unidades de Gest\u00e3o participem desse processo. A forma\u00e7\u00e3o conjunta possibilita coordenar a\u00e7\u00f5es eficazes com base em dados cient\u00edficos e conhecimento t\u00e9cnico. Al\u00e9m disso, est\u00e1 alinhada a outras iniciativas locais, como o projeto RESFRIA e o Plano de Bairros\u201d, explica.<\/p>\n\n\n\n<p>A Engenheira Civil Maria Helena Tiraboschi, do Departamento de Meio Ambiente e chefe da Divis\u00e3o de Programas Ambientais, refor\u00e7a que o curso tamb\u00e9m promove um interc\u00e2mbio essencial entre os munic\u00edpios. \u201cA ideia \u00e9 conhecer as realidades de outras cidades e os instrumentos que podem ser utilizados no enfrentamento \u00e0s vulnerabilidades. A experi\u00eancia nos ajuda a propor interven\u00e7\u00f5es mais eficazes e embasadas, tanto nos projetos ambientais quanto nos urban\u00edsticos.\u201d<br>Cada munic\u00edpio inscrito indicou um estudo de caso como foco do curso. No caso de Jundia\u00ed, foi selecionado o bairro S\u00e3o Camilo, \u00e1rea com diversas vulnerabilidades socioambientais. A partir disso, os participantes buscar\u00e3o alternativas e estrat\u00e9gias para intervir nesse territ\u00f3rio de forma integrada e sustent\u00e1vel. \u201cEstamos entendendo que os eventos clim\u00e1ticos afetam os grupos sociais de formas distintas, e, por isso, as formas de interven\u00e7\u00e3o tamb\u00e9m precisam ser espec\u00edficas e contextualizadas\u201d, ressalta Karina.<\/p>\n\n\n\n<p>Com t\u00e9rmino previsto para a primeira semana de junho de 2025, o curso busca consolidar um novo olhar sobre a constru\u00e7\u00e3o de pol\u00edticas p\u00fablicas e de planejamento urbano, como destaca Guilherme Lima: \u201cQueremos formar uma massa cr\u00edtica dentro da prefeitura. T\u00e9cnicos capacitados, conscientes e capazes de integrar o olhar clim\u00e1tico aos Planos de Bairros e outras a\u00e7\u00f5es estruturantes.\u201d<\/p>\n\n\n\n<p>A UGPUMA valoriza a parceria com o Instituto Lincoln, que atua internacionalmente na forma\u00e7\u00e3o sobre temas urbanos, e reafirma o compromisso da cidade com a qualifica\u00e7\u00e3o de seus quadros t\u00e9cnicos diante do desafio das mudan\u00e7as clim\u00e1ticas.<\/p>\n\n\n\n<figure class=\"wp-block-image\"><a href=\"https:\/\/jundiai.sp.gov.br\/noticias\/wp-content\/uploads\/sites\/32\/2025\/04\/reuniao_ugpuma-7-1280x854.jpg\"><img decoding=\"async\" src=\"https:\/\/jundiai.sp.gov.br\/noticias\/wp-content\/uploads\/sites\/32\/2025\/04\/reuniao_ugpuma-7-1280x854.jpg\" alt=\"\" class=\"wp-image-356938\" \/><\/a><figcaption class=\"wp-element-caption\">Uma equipe multidisciplinar composta por t\u00e9cnicos da Prefeitura de Jundia\u00ed participou da forma\u00e7\u00e3o<\/figcaption><\/figure>\n\n\n\n<p>Fonte \/ Imagem: Prefeitura de Jundia\u00ed<\/p>\n","protected":false},"excerpt":{"rendered":"<p>A forma\u00e7\u00e3o re\u00fane uma equipe multidisciplinar composta por 14 t\u00e9cnicos de diversas Unidades de Gest\u00e3o da cidade.<\/p>\n","protected":false},"author":24,"featured_media":127144,"comment_status":"open","ping_status":"0","sticky":false,"template":"","format":"standard","meta":{"footnotes":""},"categories":[8427,3185,8357,8356,1],"tags":[],"class_list":["post-127143","post","type-post","status-publish","format-standard","has-post-thumbnail","hentry","category-capacitacao","category-clima","category-gestao","category-jundiai","category-noticias"],"_links":{"self":[{"href":"https:\/\/tvtecjundiai.com.br\/news\/wp-json\/wp\/v2\/posts\/127143","targetHints":{"allow":["GET"]}}],"collection":[{"href":"https:\/\/tvtecjundiai.com.br\/news\/wp-json\/wp\/v2\/posts"}],"about":[{"href":"https:\/\/tvtecjundiai.com.br\/news\/wp-json\/wp\/v2\/types\/post"}],"author":[{"embeddable":true,"href":"https:\/\/tvtecjundiai.com.br\/news\/wp-json\/wp\/v2\/users\/24"}],"replies":[{"embeddable":true,"href":"https:\/\/tvtecjundiai.com.br\/news\/wp-json\/wp\/v2\/comments?post=127143"}],"version-history":[{"count":1,"href":"https:\/\/tvtecjundiai.com.br\/news\/wp-json\/wp\/v2\/posts\/127143\/revisions"}],"predecessor-version":[{"id":127145,"href":"https:\/\/tvtecjundiai.com.br\/news\/wp-json\/wp\/v2\/posts\/127143\/revisions\/127145"}],"wp:featuredmedia":[{"embeddable":true,"href":"https:\/\/tvtecjundiai.com.br\/news\/wp-json\/wp\/v2\/media\/127144"}],"wp:attachment":[{"href":"https:\/\/tvtecjundiai.com.br\/news\/wp-json\/wp\/v2\/media?parent=127143"}],"wp:term":[{"taxonomy":"category","embeddable":true,"href":"https:\/\/tvtecjundiai.com.br\/news\/wp-json\/wp\/v2\/categories?post=127143"},{"taxonomy":"post_tag","embeddable":true,"href":"https:\/\/tvtecjundiai.com.br\/news\/wp-json\/wp\/v2\/tags?post=127143"}],"curies":[{"name":"wp","href":"https:\/\/api.w.org\/{rel}","templated":true}]}}