{"id":12730,"date":"2018-06-25T13:48:09","date_gmt":"2018-06-25T16:48:09","guid":{"rendered":"https:\/\/tvtecjundiai.com.br\/news\/?p=12730"},"modified":"2018-06-25T13:48:34","modified_gmt":"2018-06-25T16:48:34","slug":"5o-cafe-tecnologico-vai-tratar-de-posicionamento-de-startups","status":"publish","type":"post","link":"https:\/\/tvtecjundiai.com.br\/news\/2018\/06\/25\/5o-cafe-tecnologico-vai-tratar-de-posicionamento-de-startups\/","title":{"rendered":"5\u00ba Caf\u00e9 Tecnol\u00f3gico vai tratar de posicionamento de startups"},"content":{"rendered":"<div id=\"attachment_12732\" style=\"width: 460px\" class=\"wp-caption alignleft\"><a href=\"https:\/\/tvtecjundiai.com.br\/news\/wp-content\/uploads\/sites\/2\/2018\/06\/cafe-tecnologico-1405.jpg\"><img loading=\"lazy\" decoding=\"async\" aria-describedby=\"caption-attachment-12732\" class=\"wp-image-12732\" src=\"https:\/\/tvtecjundiai.com.br\/news\/wp-content\/uploads\/sites\/2\/2018\/06\/cafe-tecnologico-1405-300x205.jpg\" alt=\"\" width=\"450\" height=\"308\" srcset=\"https:\/\/tvtecjundiai.com.br\/news\/wp-content\/uploads\/sites\/2\/2018\/06\/cafe-tecnologico-1405-300x205.jpg 300w, https:\/\/tvtecjundiai.com.br\/news\/wp-content\/uploads\/sites\/2\/2018\/06\/cafe-tecnologico-1405-768x526.jpg 768w, https:\/\/tvtecjundiai.com.br\/news\/wp-content\/uploads\/sites\/2\/2018\/06\/cafe-tecnologico-1405-1200x822.jpg 1200w, https:\/\/tvtecjundiai.com.br\/news\/wp-content\/uploads\/sites\/2\/2018\/06\/cafe-tecnologico-1405.jpg 1240w\" sizes=\"auto, (max-width: 450px) 100vw, 450px\" \/><\/a><p id=\"caption-attachment-12732\" class=\"wp-caption-text\">Caf\u00e9 Tecnol\u00f3gico visa fomentar o crescimento e surgimento de startups no Munic\u00edpio<\/p><\/div>\n<p>Nesta sexta-feira (29), a Unidade de Gest\u00e3o de Desenvolvimento Econ\u00f4mico, Ci\u00eancia e Tecnologia (UGDECT) promove a 5\u00aa edi\u00e7\u00e3o do Caf\u00e9 Tecnol\u00f3gico, na Incubadora de Empresas, que visa capacitar empreendedores jundiaienses e fomentar o surgimento de novas startups no Munic\u00edpio.<\/p>\n<p>O tema desta edi\u00e7\u00e3o ser\u00e1 \u201cEstrat\u00e9gia de posicionamento de startups\u201d. A palestra ser\u00e1 comandada pela empreendedora K\u00e1tia Vinci, que h\u00e1 20 anos atua nos Estados Unidos nas \u00e1reas de cosm\u00e9ticos, beleza, sa\u00fade e abertura de franquias. Para participar, basta comparecer ao local no hor\u00e1rio indicado. N\u00e3o \u00e9 necess\u00e1rio se inscrever. A Incubadora de Empresas fica na avenida Armando Giassetii, 480, bairro Engordadouro. Mais informa\u00e7\u00f5es pelo telefone (11) 4589-8416.<\/p>\n<p><em>(Fonte: Prefeitura de Jundia\u00ed)<\/em><\/p>\n","protected":false},"excerpt":{"rendered":"<p>O tema desta edi\u00e7\u00e3o ser\u00e1 \u201cEstrat\u00e9gia de posicionamento de startups\u201d<\/p>\n","protected":false},"author":10,"featured_media":12732,"comment_status":"closed","ping_status":"closed","sticky":false,"template":"","format":"standard","meta":{"footnotes":""},"categories":[2834,2835],"tags":[5,416,15],"class_list":["post-12730","post","type-post","status-publish","format-standard","has-post-thumbnail","hentry","category-cidades","category-tecnologia","tag-jundiai","tag-startup","tag-tvtec"],"_links":{"self":[{"href":"https:\/\/tvtecjundiai.com.br\/news\/wp-json\/wp\/v2\/posts\/12730","targetHints":{"allow":["GET"]}}],"collection":[{"href":"https:\/\/tvtecjundiai.com.br\/news\/wp-json\/wp\/v2\/posts"}],"about":[{"href":"https:\/\/tvtecjundiai.com.br\/news\/wp-json\/wp\/v2\/types\/post"}],"author":[{"embeddable":true,"href":"https:\/\/tvtecjundiai.com.br\/news\/wp-json\/wp\/v2\/users\/10"}],"replies":[{"embeddable":true,"href":"https:\/\/tvtecjundiai.com.br\/news\/wp-json\/wp\/v2\/comments?post=12730"}],"version-history":[{"count":2,"href":"https:\/\/tvtecjundiai.com.br\/news\/wp-json\/wp\/v2\/posts\/12730\/revisions"}],"predecessor-version":[{"id":12734,"href":"https:\/\/tvtecjundiai.com.br\/news\/wp-json\/wp\/v2\/posts\/12730\/revisions\/12734"}],"wp:featuredmedia":[{"embeddable":true,"href":"https:\/\/tvtecjundiai.com.br\/news\/wp-json\/wp\/v2\/media\/12732"}],"wp:attachment":[{"href":"https:\/\/tvtecjundiai.com.br\/news\/wp-json\/wp\/v2\/media?parent=12730"}],"wp:term":[{"taxonomy":"category","embeddable":true,"href":"https:\/\/tvtecjundiai.com.br\/news\/wp-json\/wp\/v2\/categories?post=12730"},{"taxonomy":"post_tag","embeddable":true,"href":"https:\/\/tvtecjundiai.com.br\/news\/wp-json\/wp\/v2\/tags?post=12730"}],"curies":[{"name":"wp","href":"https:\/\/api.w.org\/{rel}","templated":true}]}}